{"id":27556,"date":"2024-03-28T10:17:38","date_gmt":"2024-03-28T08:17:38","guid":{"rendered":"https:\/\/vegis.ro\/blog\/?p=27556"},"modified":"2024-03-28T10:17:42","modified_gmt":"2024-03-28T08:17:42","slug":"gel-cu-aloe-vera-optima-un-bun-prieten-al-pielii-tale-pe-testate","status":"publish","type":"post","link":"https:\/\/vegis.ro\/blog\/gel-cu-aloe-vera-optima-un-bun-prieten-al-pielii-tale-pe-testate\/","title":{"rendered":"Gel cu Aloe Vera Optima: un bun prieten al pielii tale (pe testate)"},"content":{"rendered":"\n<p class=\"has-sitka-black-color has-text-color\">Deshidratare, irita\u021bie sau chiar descuamare. Dac\u0103 pielea ta s-a confruntat vreodat\u0103 cu unul dintre aceste simptome, atunci probabil c\u0103 ai \u00eencercat mai multe lo\u021biuni sau creme care s\u0103 \u00ee\u021bi redea aspectul pl\u0103cut \u0219i senza\u021bia catifelat\u0103 a pielii. Unele chiar cu aloe vera, datorit\u0103 propriet\u0103\u021bilor sale calmante. Dar ai \u00eencercat vreodat\u0103 faimosul gel cu Aloe Vera Optima?\u00a0<\/p>\n\n\n\n<p class=\"has-sitka-black-color has-text-color\">Ghida\u021bi de recenziile conving\u0103toare ale clien\u021bilor no\u0219tri \u0219i de lista scurt\u0103 de ingrediente (99,9% suc Aloe Vera), ne-am propus s\u0103 test\u0103m pe propria piele acest produs \u0219i s\u0103 \u00eemp\u0103rt\u0103\u0219im impresiile noastre.<\/p>\n\n\n<div class=\"wp-block-image is-style-default\">\n<figure class=\"aligncenter size-full\"><img fetchpriority=\"high\" decoding=\"async\" width=\"780\" height=\"429\" src=\"https:\/\/vegis.ro\/blog\/wp-content\/uploads\/2024\/03\/Imagini-corp-articole-blog-part.-2-6-1.png\" alt=\"Gel cu Aloe Vera Optima\" class=\"wp-image-27558\" srcset=\"https:\/\/vegis.ro\/blog\/wp-content\/uploads\/2024\/03\/Imagini-corp-articole-blog-part.-2-6-1.png 780w, https:\/\/vegis.ro\/blog\/wp-content\/uploads\/2024\/03\/Imagini-corp-articole-blog-part.-2-6-1-300x165.png 300w, https:\/\/vegis.ro\/blog\/wp-content\/uploads\/2024\/03\/Imagini-corp-articole-blog-part.-2-6-1-768x422.png 768w\" sizes=\"(max-width: 780px) 100vw, 780px\" \/><\/figure><\/div>\n\n\n<p class=\"has-sitka-black-color has-text-color\">\u00cencepem cu ambalajul practic care vine at\u00e2t \u00een varianta de 100ml, c\u00e2t \u0219i 200ml. Recipientul de plastic este foarte u\u0219or de folosit, fiind prev\u0103zut cu un capac care se deschide prin ridicare. Pentru cei care cunoa\u0219te\u021bi de mai mult timp acest produs, poate v\u0103 aminti\u021bi c\u0103 \u00een trecut acesta era prev\u0103zut cu un capac care se deschidea \/ \u00eenchidea prin r\u0103sucire, dar noua variant\u0103 ni se pare mult mai practic\u0103 \u0219i mai rapid\u0103. \u021aine\u021bi totu\u0219i cont de faptul c\u0103 trebuie s\u0103 ap\u0103sa\u021bi mai tare atunci c\u00e2nd vre\u021bi s\u0103 \u00eenchide\u021bi capacul. Poate p\u0103rea pu\u021bin mai greu dec\u00e2t la alte produse \u00een ambalaj similar, \u00eens\u0103 noi privim acest lucru drept avantaj, pentru c\u0103 odat\u0103 \u00eenchis, produsul nu s-a scurs \u00een geant\u0103.<\/p>\n\n\n\n<p class=\"has-sitka-black-color has-text-color\">Iar dac\u0103 tot vorbim de capac, s\u0103 v\u0103 spunem \u0219i ce miros ne-a cuprins odat\u0103 cu deschiderea acestuia. C\u0103ci, s\u0103 fim sinceri, cu to\u021bii mirosim \u00eent\u00e2i orice gel sau crem\u0103 \u0219i abia apoi o test\u0103m, nu?<\/p>\n\n\n<div class=\"wp-block-image is-style-default\">\n<figure class=\"aligncenter size-full\"><img decoding=\"async\" width=\"780\" height=\"429\" src=\"https:\/\/vegis.ro\/blog\/wp-content\/uploads\/2024\/03\/Imagini-corp-articole-blog-part.-2-7-1.png\" alt=\"Gel cu Aloe Vera Optima\" class=\"wp-image-27560\" srcset=\"https:\/\/vegis.ro\/blog\/wp-content\/uploads\/2024\/03\/Imagini-corp-articole-blog-part.-2-7-1.png 780w, https:\/\/vegis.ro\/blog\/wp-content\/uploads\/2024\/03\/Imagini-corp-articole-blog-part.-2-7-1-300x165.png 300w, https:\/\/vegis.ro\/blog\/wp-content\/uploads\/2024\/03\/Imagini-corp-articole-blog-part.-2-7-1-768x422.png 768w\" sizes=\"(max-width: 780px) 100vw, 780px\" \/><\/figure><\/div>\n\n\n<p class=\"has-sitka-black-color has-text-color\">Ei bine, mirosul este unul care ne trimite cu g\u00e2ndul la natur\u0103, la plante \u0219i alte lucruri fresh, precum propolisul. De\u0219i p\u0103rerile au fost \u00eemp\u0103r\u021bite la acest capitol, concluzia e unanim\u0103: mirosul este unul discret, care nu deranjeaz\u0103.&nbsp;<\/p>\n\n\n\n<p class=\"has-sitka-black-color has-text-color\">Textura \u00een schimb a venit drept o surpriz\u0103, deoarece ne a\u0219teptam la un gel mai lichid, \u00eens\u0103 am fost \u00eent\u00e2mpina\u021bi de o textur\u0103 bogat\u0103, concentrat\u0103. Avea acest lucru s\u0103 cauzeze probleme de absorb\u021bie la nivelul pielii? Sau s\u0103 ne determine s\u0103 mas\u0103m mai mult timp zona? Sau s\u0103 creeze o pelicul\u0103 lipicioas\u0103 la suprafa\u021b\u0103?&nbsp;<\/p>\n\n\n\n<p class=\"has-sitka-black-color has-text-color\">Ne-am pus toate aceste \u00eentreb\u0103ri \u00een primele secunde, \u0219i tot cam at\u00e2t de repede ne-am \u0219i r\u0103spuns.<\/p>\n\n\n\n<p class=\"has-sitka-black-color has-text-color\">Gelul intr\u0103 incredibil de repede \u00een piele, chiar nea\u0219teptat de repede. Desigur, aici depinde de cantitatea folosit\u0103 \u0219i de dimensiunea zonei pe care este aplicat, dar cu siguran\u021b\u0103 acest gel cu aloe vera exceleaz\u0103 c\u00e2nd vine vorba de absorb\u021bie \u00een piele.&nbsp;<\/p>\n\n\n<div class=\"wp-block-image is-style-default\">\n<figure class=\"aligncenter size-full\"><img decoding=\"async\" width=\"780\" height=\"429\" src=\"https:\/\/vegis.ro\/blog\/wp-content\/uploads\/2024\/03\/Imagini-corp-articole-blog-part.-2-8-1.png\" alt=\"\" class=\"wp-image-27561\" srcset=\"https:\/\/vegis.ro\/blog\/wp-content\/uploads\/2024\/03\/Imagini-corp-articole-blog-part.-2-8-1.png 780w, https:\/\/vegis.ro\/blog\/wp-content\/uploads\/2024\/03\/Imagini-corp-articole-blog-part.-2-8-1-300x165.png 300w, https:\/\/vegis.ro\/blog\/wp-content\/uploads\/2024\/03\/Imagini-corp-articole-blog-part.-2-8-1-768x422.png 768w\" sizes=\"(max-width: 780px) 100vw, 780px\" \/><\/figure><\/div>\n\n\n<p class=\"has-sitka-black-color has-text-color\">\u00cen timp ce masam, ne-a acaparat o senza\u021bie de r\u0103corire, motiv pentru care credem c\u0103 acest gel ar fi ideal vara pentru pielea agresat\u0103 de razele soarelui. \u021aii minte cum se simt gurile acelea de ap\u0103 pe care le bei \u00een zilele toride de var\u0103, c\u00e2nd e\u0219ti foarte \u00eensetat? Cam a\u0219a s-a sim\u021bit \u0219i pielea noastr\u0103 acum. Am fost trei colege care am testat produsul \u0219i de\u0219i fiecare aveam m\u00e2inile \u00een stadii diferite de hidratare (sau s\u0103 spunem deshidratare mai bine?), efectul a fost acela\u0219i: senza\u021bia instant\u0103 de hidratare. \u00cen vorbele colegei noastre Alexandra: \u201cSe simte ca \u0219i cum cineva ar fi tras un material catifelat peste tine.\u201d<\/p>\n\n\n\n<p class=\"has-sitka-black-color has-text-color\">\u201cBine, bine, dar p\u00e2n\u0103 s\u0103 intre gelu-n piele nu v-a\u021bi sim\u021bit m\u00e2inile lipicioase?\u201d Chiar deloc! Credem c\u0103 acesta a fost cel mai surprinz\u0103tor aspect. Nicio clip\u0103 nu am sim\u021bit m\u00e2inile lipicioase sau uleioase. Mai mult dec\u00e2t at\u00e2t, \u0219ti\u021bi c\u0103 de cele mai multe ori dup\u0103 aplicarea unei creme sau unui gel pe piele sim\u021bi cum r\u0103m\u00e2ne o pelicul\u0103 de produs la suprafa\u021ba pielii? Acest gel cu Aloe Vera Optima este excep\u021bia! Deoarece produsul intr\u0103 at\u00e2t de repede \u00een piele, hidrat\u00e2nd \u00een profunzime \u021besuturile, nu trebuie s\u0103 te \u00eengrijorezi c\u0103 \u00ee\u021bi vei murd\u0103ri telefonul sau alte obiecte pe care le atingi \u00een minutele ce urmeaz\u0103 aplic\u0103rii. Sau c\u0103 elimini tot stratul acela de produs dac\u0103 te speli la scurt timp pe m\u00e2ini.\u00a0<\/p>\n\n\n\n<p class=\"has-sitka-black-color has-text-color\">Ce am mai observat este c\u0103 produsul \u00ee\u0219i pierde mirosul odat\u0103 ce este absorbit \u00een piele, astfel c\u0103 dac\u0103 n-ar fi senza\u021bia de hidratare resim\u021bit\u0103 \u00een piele, poate ai uita c\u0103 l-ai aplicat.<\/p>\n\n\n<div class=\"wp-block-image is-style-default\">\n<figure class=\"aligncenter size-full\"><img loading=\"lazy\" decoding=\"async\" width=\"780\" height=\"429\" src=\"https:\/\/vegis.ro\/blog\/wp-content\/uploads\/2024\/03\/Imagini-corp-articole-blog-part.-2-9-1.png\" alt=\"Gel cu Aloe Vera Optima\" class=\"wp-image-27562\" srcset=\"https:\/\/vegis.ro\/blog\/wp-content\/uploads\/2024\/03\/Imagini-corp-articole-blog-part.-2-9-1.png 780w, https:\/\/vegis.ro\/blog\/wp-content\/uploads\/2024\/03\/Imagini-corp-articole-blog-part.-2-9-1-300x165.png 300w, https:\/\/vegis.ro\/blog\/wp-content\/uploads\/2024\/03\/Imagini-corp-articole-blog-part.-2-9-1-768x422.png 768w\" sizes=\"(max-width: 780px) 100vw, 780px\" \/><\/figure><\/div>\n\n\n<p class=\"has-sitka-black-color has-text-color\">Cum am mai folosit gelul cu Aloe Vera Optima?<\/p>\n\n\n\n<ul class=\"has-sitka-black-color has-text-color wp-block-list\">\n<li>pe pielea uscat\u0103 a coatelor \u0219i c\u0103lc\u00e2ielor, \u0219i chiar am resim\u021bit o ameliorare a cr\u0103p\u0103turilor&nbsp;<\/li>\n\n\n\n<li>pe corp, la ie\u0219irea din du\u0219, pentru a hidrata pielea \u0219i a men\u021bine efectul catifelat al acesteia<\/li>\n<\/ul>\n\n\n\n<p class=\"has-sitka-black-color has-text-color\">Desigur, \u00eentrebuin\u021b\u0103rile pot fi numeroase, \u00eens\u0103 pe noi ne-a convins de la prima. \u201cPentru mine este chiar o surpriz\u0103 pl\u0103cut\u0103, nu m-a\u0219 fi a\u0219teptat\u201d, spunea Teo aprobator. Eu ce s\u0103 v\u0103 mai spun? Pe mine m-a cucerit prin absorb\u021bia rapid\u0103 \u0219i efectul de profund\u0103 hidratare pe care \u00eel confer\u0103 pielii. A\u0219adar, abia a\u0219tept vara pentru a-l lua cu mine la mare.&nbsp;<\/p>\n\n\n\n<p class=\"has-sitka-black-color has-text-color\">Iar dac\u0103 tu abia a\u0219tep\u021bi s\u0103-l \u00eencerci, hai pe <strong><a href=\"https:\/\/vegis.ro\/\" target=\"_blank\" rel=\"noreferrer noopener\">vegis.ro<\/a><\/strong> \u0219i comand\u0103-l!\u00a0<\/p>\n\n\n<div class=\"wp-block-image is-style-default\">\n<figure class=\"aligncenter size-full\"><a href=\"https:\/\/vegis.ro\/remedii-unguente-geluri-solutii\/optima\/32597-gel-cu-aloe-vera-99-9-200ml\/\" target=\"_blank\" rel=\"noreferrer noopener\"><img loading=\"lazy\" decoding=\"async\" width=\"697\" height=\"391\" src=\"https:\/\/vegis.ro\/blog\/wp-content\/uploads\/2024\/03\/Matcha-pulbere-2-1.png\" alt=\"\" class=\"wp-image-27563\" srcset=\"https:\/\/vegis.ro\/blog\/wp-content\/uploads\/2024\/03\/Matcha-pulbere-2-1.png 697w, https:\/\/vegis.ro\/blog\/wp-content\/uploads\/2024\/03\/Matcha-pulbere-2-1-300x168.png 300w\" sizes=\"(max-width: 697px) 100vw, 697px\" \/><\/a><\/figure><\/div>","protected":false},"excerpt":{"rendered":"<p>Deshidratare, irita\u021bie sau chiar descuamare. Dac\u0103 pielea ta s-a confruntat vreodat\u0103 cu unul dintre aceste simptome, atunci probabil c\u0103 ai \u00eencercat mai multe lo\u021biuni sau creme care s\u0103 \u00ee\u021bi redea aspectul pl\u0103cut \u0219i senza\u021bia catifelat\u0103 a pielii. Unele chiar cu aloe vera, datorit\u0103 propriet\u0103\u021bilor sale calmante. Dar ai \u00eencercat vreodat\u0103 faimosul gel cu Aloe Vera Optima?\u00a0 Ghida\u021bi de recenziile conving\u0103toare ale clien\u021bilor no\u0219tri \u0219i de lista scurt\u0103 de ingrediente (99,9% suc Aloe Vera), ne-am propus s\u0103 test\u0103m pe propria piele acest produs \u0219i s\u0103 \u00eemp\u0103rt\u0103\u0219im impresiile noastre. \u00cencepem cu ambalajul practic care vine at\u00e2t \u00een varianta de 100ml, c\u00e2t \u0219i 200ml. Recipientul de plastic este foarte u\u0219or de folosit, fiind prev\u0103zut cu un capac care se deschide prin ridicare. Pentru cei care cunoa\u0219te\u021bi de mai mult timp acest produs, poate v\u0103 aminti\u021bi c\u0103 \u00een trecut [&hellip;]<\/p>\n","protected":false},"author":19,"featured_media":27557,"comment_status":"open","ping_status":"open","sticky":false,"template":"","format":"standard","meta":{"_acf_changed":false,"_eb_attr":"","footnotes":""},"categories":[40],"tags":[44],"class_list":["post-27556","post","type-post","status-publish","format-standard","has-post-thumbnail","hentry","category-review-uri","tag-aloe-vera"],"acf":[],"yoast_head":"<!-- This site is optimized with the Yoast SEO plugin v27.5 - https:\/\/yoast.com\/product\/yoast-seo-wordpress\/ -->\n<title>Gel cu Aloe Vera Optima: un bun prieten al pielii tale (pe testate) - Vegis<\/title>\n<meta name=\"description\" content=\"Descopera mai multe despre \u279c Gel cu Aloe Vera Optima: un bun prieten al pielii tale (pe testate) \u2705\u27a4Citeste articolul pe vegis.ro\" \/>\n<meta name=\"robots\" content=\"index, follow, max-snippet:-1, max-image-preview:large, max-video-preview:-1\" \/>\n<link rel=\"canonical\" href=\"https:\/\/vegis.ro\/blog\/gel-cu-aloe-vera-optima-un-bun-prieten-al-pielii-tale-pe-testate\/\" \/>\n<meta property=\"og:locale\" content=\"en_US\" \/>\n<meta property=\"og:type\" content=\"article\" \/>\n<meta property=\"og:title\" content=\"Gel cu Aloe Vera Optima: un bun prieten al pielii tale (pe testate)\" \/>\n<meta property=\"og:description\" content=\"Descopera mai multe despre \u279c Gel cu Aloe Vera Optima: un bun prieten al pielii tale (pe testate) \u2705\u27a4Citeste articolul pe vegis.ro\" \/>\n<meta property=\"og:url\" content=\"https:\/\/vegis.ro\/blog\/gel-cu-aloe-vera-optima-un-bun-prieten-al-pielii-tale-pe-testate\/\" \/>\n<meta property=\"og:site_name\" content=\"Natura la tine acas\u0103\" \/>\n<meta property=\"article:published_time\" content=\"2024-03-28T08:17:38+00:00\" \/>\n<meta property=\"article:modified_time\" content=\"2024-03-28T08:17:42+00:00\" \/>\n<meta property=\"og:image\" content=\"https:\/\/vegis.ro\/blog\/wp-content\/uploads\/2024\/03\/Banner-principal-articol-2-1.png\" \/>\n\t<meta property=\"og:image:width\" content=\"1200\" \/>\n\t<meta property=\"og:image:height\" content=\"628\" \/>\n\t<meta property=\"og:image:type\" content=\"image\/png\" \/>\n<meta name=\"author\" content=\"Ale\" \/>\n<meta name=\"twitter:card\" content=\"summary_large_image\" \/>\n<meta name=\"twitter:label1\" content=\"Written by\" \/>\n\t<meta name=\"twitter:data1\" content=\"Ale\" \/>\n\t<meta name=\"twitter:label2\" content=\"Est. reading time\" \/>\n\t<meta name=\"twitter:data2\" content=\"5 minutes\" \/>\n<script type=\"application\/ld+json\" class=\"yoast-schema-graph\">{\"@context\":\"https:\\\/\\\/schema.org\",\"@graph\":[{\"@type\":\"Article\",\"@id\":\"https:\\\/\\\/vegis.ro\\\/blog\\\/gel-cu-aloe-vera-optima-un-bun-prieten-al-pielii-tale-pe-testate\\\/#article\",\"isPartOf\":{\"@id\":\"https:\\\/\\\/vegis.ro\\\/blog\\\/gel-cu-aloe-vera-optima-un-bun-prieten-al-pielii-tale-pe-testate\\\/\"},\"author\":{\"name\":\"Ale\",\"@id\":\"https:\\\/\\\/vegis.ro\\\/blog\\\/#\\\/schema\\\/person\\\/8914d6a60297733a7ba509c75a94626b\"},\"headline\":\"Gel cu Aloe Vera Optima: un bun prieten al pielii tale (pe testate)\",\"datePublished\":\"2024-03-28T08:17:38+00:00\",\"dateModified\":\"2024-03-28T08:17:42+00:00\",\"mainEntityOfPage\":{\"@id\":\"https:\\\/\\\/vegis.ro\\\/blog\\\/gel-cu-aloe-vera-optima-un-bun-prieten-al-pielii-tale-pe-testate\\\/\"},\"wordCount\":885,\"commentCount\":0,\"publisher\":{\"@id\":\"https:\\\/\\\/vegis.ro\\\/blog\\\/#organization\"},\"image\":{\"@id\":\"https:\\\/\\\/vegis.ro\\\/blog\\\/gel-cu-aloe-vera-optima-un-bun-prieten-al-pielii-tale-pe-testate\\\/#primaryimage\"},\"thumbnailUrl\":\"https:\\\/\\\/vegis.ro\\\/blog\\\/wp-content\\\/uploads\\\/2024\\\/03\\\/Banner-principal-articol-2-1.png\",\"keywords\":[\"aloe vera\"],\"articleSection\":[\"Review-uri\"],\"inLanguage\":\"en-US\",\"potentialAction\":[{\"@type\":\"CommentAction\",\"name\":\"Comment\",\"target\":[\"https:\\\/\\\/vegis.ro\\\/blog\\\/gel-cu-aloe-vera-optima-un-bun-prieten-al-pielii-tale-pe-testate\\\/#respond\"]}]},{\"@type\":\"WebPage\",\"@id\":\"https:\\\/\\\/vegis.ro\\\/blog\\\/gel-cu-aloe-vera-optima-un-bun-prieten-al-pielii-tale-pe-testate\\\/\",\"url\":\"https:\\\/\\\/vegis.ro\\\/blog\\\/gel-cu-aloe-vera-optima-un-bun-prieten-al-pielii-tale-pe-testate\\\/\",\"name\":\"Gel cu Aloe Vera Optima: un bun prieten al pielii tale (pe testate) - Vegis\",\"isPartOf\":{\"@id\":\"https:\\\/\\\/vegis.ro\\\/blog\\\/#website\"},\"primaryImageOfPage\":{\"@id\":\"https:\\\/\\\/vegis.ro\\\/blog\\\/gel-cu-aloe-vera-optima-un-bun-prieten-al-pielii-tale-pe-testate\\\/#primaryimage\"},\"image\":{\"@id\":\"https:\\\/\\\/vegis.ro\\\/blog\\\/gel-cu-aloe-vera-optima-un-bun-prieten-al-pielii-tale-pe-testate\\\/#primaryimage\"},\"thumbnailUrl\":\"https:\\\/\\\/vegis.ro\\\/blog\\\/wp-content\\\/uploads\\\/2024\\\/03\\\/Banner-principal-articol-2-1.png\",\"datePublished\":\"2024-03-28T08:17:38+00:00\",\"dateModified\":\"2024-03-28T08:17:42+00:00\",\"description\":\"Descopera mai multe despre \u279c Gel cu Aloe Vera Optima: un bun prieten al pielii tale (pe testate) \u2705\u27a4Citeste articolul pe vegis.ro\",\"breadcrumb\":{\"@id\":\"https:\\\/\\\/vegis.ro\\\/blog\\\/gel-cu-aloe-vera-optima-un-bun-prieten-al-pielii-tale-pe-testate\\\/#breadcrumb\"},\"inLanguage\":\"en-US\",\"potentialAction\":[{\"@type\":\"ReadAction\",\"target\":[\"https:\\\/\\\/vegis.ro\\\/blog\\\/gel-cu-aloe-vera-optima-un-bun-prieten-al-pielii-tale-pe-testate\\\/\"]}]},{\"@type\":\"ImageObject\",\"inLanguage\":\"en-US\",\"@id\":\"https:\\\/\\\/vegis.ro\\\/blog\\\/gel-cu-aloe-vera-optima-un-bun-prieten-al-pielii-tale-pe-testate\\\/#primaryimage\",\"url\":\"https:\\\/\\\/vegis.ro\\\/blog\\\/wp-content\\\/uploads\\\/2024\\\/03\\\/Banner-principal-articol-2-1.png\",\"contentUrl\":\"https:\\\/\\\/vegis.ro\\\/blog\\\/wp-content\\\/uploads\\\/2024\\\/03\\\/Banner-principal-articol-2-1.png\",\"width\":1200,\"height\":628,\"caption\":\"Gel cu Aloe Vera Optima\"},{\"@type\":\"BreadcrumbList\",\"@id\":\"https:\\\/\\\/vegis.ro\\\/blog\\\/gel-cu-aloe-vera-optima-un-bun-prieten-al-pielii-tale-pe-testate\\\/#breadcrumb\",\"itemListElement\":[{\"@type\":\"ListItem\",\"position\":1,\"name\":\"Vegis.ro\",\"item\":\"https:\\\/\\\/vegis.ro\\\/blog\\\/\"},{\"@type\":\"ListItem\",\"position\":2,\"name\":\"Gel cu Aloe Vera Optima: un bun prieten al pielii tale (pe testate)\"}]},{\"@type\":\"WebSite\",\"@id\":\"https:\\\/\\\/vegis.ro\\\/blog\\\/#website\",\"url\":\"https:\\\/\\\/vegis.ro\\\/blog\\\/\",\"name\":\"Natura la tine acas\u0103\",\"description\":\"Blogul Vegis.ro\",\"publisher\":{\"@id\":\"https:\\\/\\\/vegis.ro\\\/blog\\\/#organization\"},\"potentialAction\":[{\"@type\":\"SearchAction\",\"target\":{\"@type\":\"EntryPoint\",\"urlTemplate\":\"https:\\\/\\\/vegis.ro\\\/blog\\\/?s={search_term_string}\"},\"query-input\":{\"@type\":\"PropertyValueSpecification\",\"valueRequired\":true,\"valueName\":\"search_term_string\"}}],\"inLanguage\":\"en-US\"},{\"@type\":\"Organization\",\"@id\":\"https:\\\/\\\/vegis.ro\\\/blog\\\/#organization\",\"name\":\"Natura la tine acas\u0103\",\"url\":\"https:\\\/\\\/vegis.ro\\\/blog\\\/\",\"logo\":{\"@type\":\"ImageObject\",\"inLanguage\":\"en-US\",\"@id\":\"https:\\\/\\\/vegis.ro\\\/blog\\\/#\\\/schema\\\/logo\\\/image\\\/\",\"url\":\"https:\\\/\\\/vegis.ro\\\/blog\\\/wp-content\\\/uploads\\\/2018\\\/01\\\/logo-vegis.png\",\"contentUrl\":\"https:\\\/\\\/vegis.ro\\\/blog\\\/wp-content\\\/uploads\\\/2018\\\/01\\\/logo-vegis.png\",\"width\":254,\"height\":85,\"caption\":\"Natura la tine acas\u0103\"},\"image\":{\"@id\":\"https:\\\/\\\/vegis.ro\\\/blog\\\/#\\\/schema\\\/logo\\\/image\\\/\"}},{\"@type\":\"Person\",\"@id\":\"https:\\\/\\\/vegis.ro\\\/blog\\\/#\\\/schema\\\/person\\\/8914d6a60297733a7ba509c75a94626b\",\"name\":\"Ale\",\"image\":{\"@type\":\"ImageObject\",\"inLanguage\":\"en-US\",\"@id\":\"https:\\\/\\\/secure.gravatar.com\\\/avatar\\\/14177240ad6ad8b09b7c2f902951cd83eb1c489623061fd410f9497607d7a5df?s=96&d=identicon&r=g\",\"url\":\"https:\\\/\\\/secure.gravatar.com\\\/avatar\\\/14177240ad6ad8b09b7c2f902951cd83eb1c489623061fd410f9497607d7a5df?s=96&d=identicon&r=g\",\"contentUrl\":\"https:\\\/\\\/secure.gravatar.com\\\/avatar\\\/14177240ad6ad8b09b7c2f902951cd83eb1c489623061fd410f9497607d7a5df?s=96&d=identicon&r=g\",\"caption\":\"Ale\"},\"url\":\"https:\\\/\\\/vegis.ro\\\/blog\\\/author\\\/alexandra-popavegis-ro\\\/\"}]}<\/script>\n<!-- \/ Yoast SEO plugin. -->","yoast_head_json":{"title":"Gel cu Aloe Vera Optima: un bun prieten al pielii tale (pe testate) - Vegis","description":"Descopera mai multe despre \u279c Gel cu Aloe Vera Optima: un bun prieten al pielii tale (pe testate) \u2705\u27a4Citeste articolul pe vegis.ro","robots":{"index":"index","follow":"follow","max-snippet":"max-snippet:-1","max-image-preview":"max-image-preview:large","max-video-preview":"max-video-preview:-1"},"canonical":"https:\/\/vegis.ro\/blog\/gel-cu-aloe-vera-optima-un-bun-prieten-al-pielii-tale-pe-testate\/","og_locale":"en_US","og_type":"article","og_title":"Gel cu Aloe Vera Optima: un bun prieten al pielii tale (pe testate)","og_description":"Descopera mai multe despre \u279c Gel cu Aloe Vera Optima: un bun prieten al pielii tale (pe testate) \u2705\u27a4Citeste articolul pe vegis.ro","og_url":"https:\/\/vegis.ro\/blog\/gel-cu-aloe-vera-optima-un-bun-prieten-al-pielii-tale-pe-testate\/","og_site_name":"Natura la tine acas\u0103","article_published_time":"2024-03-28T08:17:38+00:00","article_modified_time":"2024-03-28T08:17:42+00:00","og_image":[{"width":1200,"height":628,"url":"https:\/\/vegis.ro\/blog\/wp-content\/uploads\/2024\/03\/Banner-principal-articol-2-1.png","type":"image\/png"}],"author":"Ale","twitter_card":"summary_large_image","twitter_misc":{"Written by":"Ale","Est. reading time":"5 minutes"},"schema":{"@context":"https:\/\/schema.org","@graph":[{"@type":"Article","@id":"https:\/\/vegis.ro\/blog\/gel-cu-aloe-vera-optima-un-bun-prieten-al-pielii-tale-pe-testate\/#article","isPartOf":{"@id":"https:\/\/vegis.ro\/blog\/gel-cu-aloe-vera-optima-un-bun-prieten-al-pielii-tale-pe-testate\/"},"author":{"name":"Ale","@id":"https:\/\/vegis.ro\/blog\/#\/schema\/person\/8914d6a60297733a7ba509c75a94626b"},"headline":"Gel cu Aloe Vera Optima: un bun prieten al pielii tale (pe testate)","datePublished":"2024-03-28T08:17:38+00:00","dateModified":"2024-03-28T08:17:42+00:00","mainEntityOfPage":{"@id":"https:\/\/vegis.ro\/blog\/gel-cu-aloe-vera-optima-un-bun-prieten-al-pielii-tale-pe-testate\/"},"wordCount":885,"commentCount":0,"publisher":{"@id":"https:\/\/vegis.ro\/blog\/#organization"},"image":{"@id":"https:\/\/vegis.ro\/blog\/gel-cu-aloe-vera-optima-un-bun-prieten-al-pielii-tale-pe-testate\/#primaryimage"},"thumbnailUrl":"https:\/\/vegis.ro\/blog\/wp-content\/uploads\/2024\/03\/Banner-principal-articol-2-1.png","keywords":["aloe vera"],"articleSection":["Review-uri"],"inLanguage":"en-US","potentialAction":[{"@type":"CommentAction","name":"Comment","target":["https:\/\/vegis.ro\/blog\/gel-cu-aloe-vera-optima-un-bun-prieten-al-pielii-tale-pe-testate\/#respond"]}]},{"@type":"WebPage","@id":"https:\/\/vegis.ro\/blog\/gel-cu-aloe-vera-optima-un-bun-prieten-al-pielii-tale-pe-testate\/","url":"https:\/\/vegis.ro\/blog\/gel-cu-aloe-vera-optima-un-bun-prieten-al-pielii-tale-pe-testate\/","name":"Gel cu Aloe Vera Optima: un bun prieten al pielii tale (pe testate) - Vegis","isPartOf":{"@id":"https:\/\/vegis.ro\/blog\/#website"},"primaryImageOfPage":{"@id":"https:\/\/vegis.ro\/blog\/gel-cu-aloe-vera-optima-un-bun-prieten-al-pielii-tale-pe-testate\/#primaryimage"},"image":{"@id":"https:\/\/vegis.ro\/blog\/gel-cu-aloe-vera-optima-un-bun-prieten-al-pielii-tale-pe-testate\/#primaryimage"},"thumbnailUrl":"https:\/\/vegis.ro\/blog\/wp-content\/uploads\/2024\/03\/Banner-principal-articol-2-1.png","datePublished":"2024-03-28T08:17:38+00:00","dateModified":"2024-03-28T08:17:42+00:00","description":"Descopera mai multe despre \u279c Gel cu Aloe Vera Optima: un bun prieten al pielii tale (pe testate) \u2705\u27a4Citeste articolul pe vegis.ro","breadcrumb":{"@id":"https:\/\/vegis.ro\/blog\/gel-cu-aloe-vera-optima-un-bun-prieten-al-pielii-tale-pe-testate\/#breadcrumb"},"inLanguage":"en-US","potentialAction":[{"@type":"ReadAction","target":["https:\/\/vegis.ro\/blog\/gel-cu-aloe-vera-optima-un-bun-prieten-al-pielii-tale-pe-testate\/"]}]},{"@type":"ImageObject","inLanguage":"en-US","@id":"https:\/\/vegis.ro\/blog\/gel-cu-aloe-vera-optima-un-bun-prieten-al-pielii-tale-pe-testate\/#primaryimage","url":"https:\/\/vegis.ro\/blog\/wp-content\/uploads\/2024\/03\/Banner-principal-articol-2-1.png","contentUrl":"https:\/\/vegis.ro\/blog\/wp-content\/uploads\/2024\/03\/Banner-principal-articol-2-1.png","width":1200,"height":628,"caption":"Gel cu Aloe Vera Optima"},{"@type":"BreadcrumbList","@id":"https:\/\/vegis.ro\/blog\/gel-cu-aloe-vera-optima-un-bun-prieten-al-pielii-tale-pe-testate\/#breadcrumb","itemListElement":[{"@type":"ListItem","position":1,"name":"Vegis.ro","item":"https:\/\/vegis.ro\/blog\/"},{"@type":"ListItem","position":2,"name":"Gel cu Aloe Vera Optima: un bun prieten al pielii tale (pe testate)"}]},{"@type":"WebSite","@id":"https:\/\/vegis.ro\/blog\/#website","url":"https:\/\/vegis.ro\/blog\/","name":"Natura la tine acas\u0103","description":"Blogul Vegis.ro","publisher":{"@id":"https:\/\/vegis.ro\/blog\/#organization"},"potentialAction":[{"@type":"SearchAction","target":{"@type":"EntryPoint","urlTemplate":"https:\/\/vegis.ro\/blog\/?s={search_term_string}"},"query-input":{"@type":"PropertyValueSpecification","valueRequired":true,"valueName":"search_term_string"}}],"inLanguage":"en-US"},{"@type":"Organization","@id":"https:\/\/vegis.ro\/blog\/#organization","name":"Natura la tine acas\u0103","url":"https:\/\/vegis.ro\/blog\/","logo":{"@type":"ImageObject","inLanguage":"en-US","@id":"https:\/\/vegis.ro\/blog\/#\/schema\/logo\/image\/","url":"https:\/\/vegis.ro\/blog\/wp-content\/uploads\/2018\/01\/logo-vegis.png","contentUrl":"https:\/\/vegis.ro\/blog\/wp-content\/uploads\/2018\/01\/logo-vegis.png","width":254,"height":85,"caption":"Natura la tine acas\u0103"},"image":{"@id":"https:\/\/vegis.ro\/blog\/#\/schema\/logo\/image\/"}},{"@type":"Person","@id":"https:\/\/vegis.ro\/blog\/#\/schema\/person\/8914d6a60297733a7ba509c75a94626b","name":"Ale","image":{"@type":"ImageObject","inLanguage":"en-US","@id":"https:\/\/secure.gravatar.com\/avatar\/14177240ad6ad8b09b7c2f902951cd83eb1c489623061fd410f9497607d7a5df?s=96&d=identicon&r=g","url":"https:\/\/secure.gravatar.com\/avatar\/14177240ad6ad8b09b7c2f902951cd83eb1c489623061fd410f9497607d7a5df?s=96&d=identicon&r=g","contentUrl":"https:\/\/secure.gravatar.com\/avatar\/14177240ad6ad8b09b7c2f902951cd83eb1c489623061fd410f9497607d7a5df?s=96&d=identicon&r=g","caption":"Ale"},"url":"https:\/\/vegis.ro\/blog\/author\/alexandra-popavegis-ro\/"}]}},"_links":{"self":[{"href":"https:\/\/vegis.ro\/blog\/wp-json\/wp\/v2\/posts\/27556","targetHints":{"allow":["GET"]}}],"collection":[{"href":"https:\/\/vegis.ro\/blog\/wp-json\/wp\/v2\/posts"}],"about":[{"href":"https:\/\/vegis.ro\/blog\/wp-json\/wp\/v2\/types\/post"}],"author":[{"embeddable":true,"href":"https:\/\/vegis.ro\/blog\/wp-json\/wp\/v2\/users\/19"}],"replies":[{"embeddable":true,"href":"https:\/\/vegis.ro\/blog\/wp-json\/wp\/v2\/comments?post=27556"}],"version-history":[{"count":0,"href":"https:\/\/vegis.ro\/blog\/wp-json\/wp\/v2\/posts\/27556\/revisions"}],"wp:featuredmedia":[{"embeddable":true,"href":"https:\/\/vegis.ro\/blog\/wp-json\/wp\/v2\/media\/27557"}],"wp:attachment":[{"href":"https:\/\/vegis.ro\/blog\/wp-json\/wp\/v2\/media?parent=27556"}],"wp:term":[{"taxonomy":"category","embeddable":true,"href":"https:\/\/vegis.ro\/blog\/wp-json\/wp\/v2\/categories?post=27556"},{"taxonomy":"post_tag","embeddable":true,"href":"https:\/\/vegis.ro\/blog\/wp-json\/wp\/v2\/tags?post=27556"}],"curies":[{"name":"wp","href":"https:\/\/api.w.org\/{rel}","templated":true}]}}