{"id":19064,"date":"2020-02-19T13:50:55","date_gmt":"2020-02-19T11:50:55","guid":{"rendered":"https:\/\/vegis.ro\/blog\/?p=19064"},"modified":"2025-05-21T11:36:42","modified_gmt":"2025-05-21T08:36:42","slug":"6-motive-sa-folosesti-gel-de-aloe-vera-intern-si-extern-masti-video","status":"publish","type":"post","link":"https:\/\/vegis.ro\/blog\/6-motive-sa-folosesti-gel-de-aloe-vera-intern-si-extern-masti-video\/","title":{"rendered":"6 motive s\u0103 folose\u0219ti gel de Aloe Vera intern \u0219i extern (m\u0103\u0219ti + video)"},"content":{"rendered":"\n<p class=\"has-sitka-black-color has-text-color\">Exist\u0103 aproximativ 420 de specii de Aloe \u00eens\u0103 dintre toate acestea, una singur\u0103 a condus la dezvoltarea unei adev\u0103rate industrii care ast\u0103zi valoreaz\u0103 milioane de dolari. <strong>Aloe vera (Aloe barbadensis miller &#8211; denumirea botanic\u0103)<\/strong> este cea mai utilizat\u0103 specie de Aloe \u00eenc\u0103 din perioada Egiptului Antic, iar cel mai cunoscut extract este a\u0219a-numitul gel de Aloe Vera folosit la nivel global \u00een industria alimentar\u0103, industria cosmetic\u0103 \u0219i cea a suplimentelor naturale datorit\u0103 con\u021binutului complex de nutrien\u021bi \u0219i propriet\u0103\u021bilor terapeutice. <\/p>\n\n\n\n<p class=\"has-sitka-black-color has-text-color\">Aplicarea topic\u0103 (direct pe piele) a gelului de Aloe Vera \u00een caz de arsuri, zg\u00e2rieturi sau alte leziuni minore reprezint\u0103 una din numeroasele \u00eentrebuin\u021b\u0103ri externe, \u00eens\u0103 planta (\u0219i implicit extractul sub form\u0103 de gel) are efecte benefice ce o recomand\u0103 inclusiv pentru consumul intern. <\/p>\n\n\n\n<p class=\"has-sitka-black-color has-sitka-ultralight-gray-background-color has-text-color has-background\"><strong>\u0218tiai c\u0103\u2026<\/strong> <br>  \u2026 valoarea pie\u021bei globale a Aloei Vera a atins cifra de 552 de milioane \u00een 2018? Estim\u0103rile arat\u0103 c\u0103 aceasta va cunoa\u0219te o cre\u0219tere spectaculoas\u0103 \u00een anul 2024, de 915 milioane de dolari. <\/p>\n\n\n<div class=\"wp-block-image\">\n<figure class=\"aligncenter size-large\"><img fetchpriority=\"high\" decoding=\"async\" width=\"780\" height=\"430\" src=\"https:\/\/vegis.ro\/blog\/wp-content\/uploads\/2020\/02\/gel-de-Aloe-Vera-2.png\" alt=\"Pulpa de Aloe Vera\" class=\"wp-image-19110\" srcset=\"https:\/\/vegis.ro\/blog\/wp-content\/uploads\/2020\/02\/gel-de-Aloe-Vera-2.png 780w, https:\/\/vegis.ro\/blog\/wp-content\/uploads\/2020\/02\/gel-de-Aloe-Vera-2-280x154.png 280w, https:\/\/vegis.ro\/blog\/wp-content\/uploads\/2020\/02\/gel-de-Aloe-Vera-2-600x331.png 600w, https:\/\/vegis.ro\/blog\/wp-content\/uploads\/2020\/02\/gel-de-Aloe-Vera-2-300x165.png 300w, https:\/\/vegis.ro\/blog\/wp-content\/uploads\/2020\/02\/gel-de-Aloe-Vera-2-768x423.png 768w\" sizes=\"(max-width: 780px) 100vw, 780px\" \/><\/figure><\/div>\n\n\n<h2 class=\"has-text-align-center has-sitka-white-color has-text-color has-background has-medium-font-size wp-block-heading\" style=\"background-color:#90beab\"><strong>GELUL DE ALOE VERA, CEL MAI PRE\u021aIOS EXTRACT AL PLANTEI <\/strong><\/h2>\n\n\n\n<p class=\"has-sitka-black-color has-text-color\">Planta de Aloe Vera se remarc\u0103 prin frunzele lungi de 30cm &#8211; 50cm care re\u021bin ap\u0103 \u0219i ofer\u0103 posibilitatea plantei de a supravie\u021bui chiar \u0219i \u00een cele mai aride zone sau \u00een regiuni cu precipita\u021bii neregulate. Datorit\u0103 con\u021binutului ridicat de ap\u0103 (aproximativ 95% &#8211; 99%), Aloe Vera are <strong>efect puternic hidratant<\/strong> \u0219i este folosit\u0103 ca ingredient \u00een produsele pentru \u00eengrijirea tenului, \u00een sucuri \u0219i alte b\u0103uturi deopotriv\u0103. <\/p>\n\n\n\n<p class=\"has-sitka-black-color has-text-color\">Fiecare frunz\u0103 \u00een parte este alc\u0103tuit\u0103 din 3 straturi, \u0219i anume: <\/p>\n\n\n\n<ul class=\"has-sitka-black-color has-text-color wp-block-list\">\n<li>gelul de Aloe Vera, un lichid incolor, cu consisten\u021b\u0103 v\u00e2scoas\u0103 \u0219i miros u\u0219or parfumat; <\/li>\n\n\n\n<li>a\u0219a-numitul latex, stratul mijlociu care de fapt este seva plantei, un lichid galben cu gust amar; <\/li>\n\n\n\n<li>stratul exterior de culoare verde care protejeaz\u0103 frunza. <\/li>\n<\/ul>\n\n\n<div class=\"wp-block-image\">\n<figure class=\"aligncenter size-large is-resized\"><img decoding=\"async\" src=\"https:\/\/vegis.ro\/blog\/wp-content\/uploads\/2020\/02\/frunza-de-Aloe-Vera-1.png\" alt=\"structura unei frunze de Aloe Vera \" class=\"wp-image-19077\" width=\"649\" height=\"332\" srcset=\"https:\/\/vegis.ro\/blog\/wp-content\/uploads\/2020\/02\/frunza-de-Aloe-Vera-1.png 780w, https:\/\/vegis.ro\/blog\/wp-content\/uploads\/2020\/02\/frunza-de-Aloe-Vera-1-280x144.png 280w, https:\/\/vegis.ro\/blog\/wp-content\/uploads\/2020\/02\/frunza-de-Aloe-Vera-1-600x308.png 600w, https:\/\/vegis.ro\/blog\/wp-content\/uploads\/2020\/02\/frunza-de-Aloe-Vera-1-300x154.png 300w, https:\/\/vegis.ro\/blog\/wp-content\/uploads\/2020\/02\/frunza-de-Aloe-Vera-1-768x394.png 768w\" sizes=\"(max-width: 649px) 100vw, 649px\" \/><\/figure><\/div>\n\n\n<p class=\"has-sitka-black-color has-text-color\">Gelul de Aloe Vera are \u00een compozi\u021bie <strong>peste 70 de ingrediente active \u0219i propriet\u0103\u021bi antiinflamatorii, antiseptice \u0219i imunomodulatoare, respectiv ac\u021biune antidiabetic\u0103.<\/strong> Acesta poate fi extras \u0219i utilizat \u00een scop cosmetic inclusiv din frunza de Aloe.<\/p>\n\n\n\n<p class=\"has-sitka-black-color has-text-color\">Dac\u0103 de\u021bii o astfel de plant\u0103, taie c\u00e2teva frunze (\u00een func\u021bie de cantitatea de gel pe care dore\u0219ti s\u0103 o ob\u021bii) \u0219i a\u0219az\u0103-le \u00een pozi\u021bie vertical\u0103 pentru a permite scurgerea sevei. Continu\u0103 prin sp\u0103larea frunzelor \u0219i \u00eendep\u0103rtarea stratului protector cu ajutorul unui cu\u021bit. Gelul astfel ob\u021binut poate fi introdus \u00een blender pentru o consisten\u021b\u0103 ce u\u0219ureaz\u0103 utilizarea. <\/p>\n\n\n\n<p class=\"has-sitka-black-color has-text-color\">\u0218i nu \u00ee\u021bi face griji: chiar dac\u0103 frunzele de Aloe nu se regenereaz\u0103, altele noi vor cre\u0219te \u00een locul celor t\u0103iate. <\/p>\n\n\n\n<figure class=\"wp-block-image size-large\"><img decoding=\"async\" width=\"780\" height=\"400\" src=\"https:\/\/vegis.ro\/blog\/wp-content\/uploads\/2020\/02\/cum-sa-prepari-gel-de-aloe-vera-acasa.png\" alt=\"cum sa prepari gel de aloe vera acasa\" class=\"wp-image-19068\" srcset=\"https:\/\/vegis.ro\/blog\/wp-content\/uploads\/2020\/02\/cum-sa-prepari-gel-de-aloe-vera-acasa.png 780w, https:\/\/vegis.ro\/blog\/wp-content\/uploads\/2020\/02\/cum-sa-prepari-gel-de-aloe-vera-acasa-280x144.png 280w, https:\/\/vegis.ro\/blog\/wp-content\/uploads\/2020\/02\/cum-sa-prepari-gel-de-aloe-vera-acasa-600x308.png 600w, https:\/\/vegis.ro\/blog\/wp-content\/uploads\/2020\/02\/cum-sa-prepari-gel-de-aloe-vera-acasa-300x154.png 300w, https:\/\/vegis.ro\/blog\/wp-content\/uploads\/2020\/02\/cum-sa-prepari-gel-de-aloe-vera-acasa-768x394.png 768w\" sizes=\"(max-width: 780px) 100vw, 780px\" \/><\/figure>\n\n\n\n<h2 class=\"has-text-align-center has-sitka-white-color has-text-color has-background has-medium-font-size wp-block-heading\" style=\"background-color:#90beab\"> <strong>CE CON\u021aINE ALOE VERA <\/strong><\/h2>\n\n\n\n<p class=\"has-sitka-black-color has-text-color\">Planta, \u0219i implicit extractele de Aloe Vera au un con\u021binut remarcabil de nutrien\u021bi, printre care amintim: <\/p>\n\n\n\n<ul class=\"has-sitka-black-color has-text-color wp-block-list\">\n<li>vitamine: A, C, E, acid folic \u0219i vitaminele din complexul B; <\/li>\n\n\n\n<li>minerale: calciu, sodiu, seleniu, magneziu, mangan, potasiu, cupru, zinc \u0219i fier; <\/li>\n\n\n\n<li>enzime, printre care \u0219i Bradikinin\u0103 cu rol antiinflamator; <\/li>\n\n\n\n<li>antrachinone, compu\u0219i cu efect laxativ; <\/li>\n\n\n\n<li>zaharuri (monozaharide \u0219i polizaharide); <\/li>\n\n\n\n<li>polifenoli (substan\u021be cu rol antioxidant); <\/li>\n\n\n\n<li>acizi gra\u0219i; <\/li>\n\n\n\n<li>acid salicilic; <\/li>\n\n\n\n<li>aminoacizi esen\u021biali; <\/li>\n\n\n\n<li>saponine, substan\u021be cu propriet\u0103\u021bi antiseptice \u0219i de cur\u0103\u021bare. <\/li>\n<\/ul>\n\n\n\n<h2 class=\"has-text-align-center has-sitka-white-color has-text-color has-background has-medium-font-size wp-block-heading\" style=\"background-color:#90beab\"> <strong>GELUL DE ALOE VERA &#8211; BENEFICII \u0218I UTILIZ\u0102RI  <\/strong><\/h2>\n\n\n\n<figure class=\"wp-block-image size-large\"><img loading=\"lazy\" decoding=\"async\" width=\"1024\" height=\"575\" src=\"https:\/\/vegis.ro\/blog\/wp-content\/uploads\/2020\/02\/aloe-vera-1024x575.jpg\" alt=\"aloe vera\" class=\"wp-image-19094\" srcset=\"https:\/\/vegis.ro\/blog\/wp-content\/uploads\/2020\/02\/aloe-vera-1024x575.jpg 1024w, https:\/\/vegis.ro\/blog\/wp-content\/uploads\/2020\/02\/aloe-vera-280x157.jpg 280w, https:\/\/vegis.ro\/blog\/wp-content\/uploads\/2020\/02\/aloe-vera-600x337.jpg 600w, https:\/\/vegis.ro\/blog\/wp-content\/uploads\/2020\/02\/aloe-vera-300x168.jpg 300w, https:\/\/vegis.ro\/blog\/wp-content\/uploads\/2020\/02\/aloe-vera-768x431.jpg 768w, https:\/\/vegis.ro\/blog\/wp-content\/uploads\/2020\/02\/aloe-vera-1140x640.jpg 1140w, https:\/\/vegis.ro\/blog\/wp-content\/uploads\/2020\/02\/aloe-vera.jpg 1155w\" sizes=\"(max-width: 1024px) 100vw, 1024px\" \/><\/figure>\n\n\n\n<p class=\"has-sitka-black-color has-text-color\">Con\u021binutul bogat de nutrien\u021bi \u0219i substan\u021be active sunt cele ce confer\u0103 plantei de Aloe Vera numeroase propriet\u0103\u021bi terapeutice: <strong>antiinflamatorii, analgezice, antiseptice, antioxidante \u0219i antibacteriene. <\/strong>La r\u00e2ndul lor, aceste propriet\u0103\u021bi permit, \u0219i totodat\u0103 recomand\u0103 utilizarea extractelor de Aloe Vera ca remedii naturale sau adjuvan\u021bi \u00een ameliorarea mai multor afec\u021biuni. <br>Astfel, Aloe Vera: <\/p>\n\n\n\n<ul class=\"has-sitka-black-color has-text-color wp-block-list\">\n<li><strong>Calmeaz\u0103 arsurile la stomac <\/strong><\/li>\n<\/ul>\n\n\n\n<p class=\"has-sitka-black-color has-text-color\">Arsurile la stomac reprezint\u0103 una din simptomele refluxului gastroesofagian, afec\u021biune digestiv\u0103 tot mai frecvent\u0103 \u00een zilele noastre. Un review medical din anul 2010 focusat pe plante benefice \u00een boala refluxului gastroesofagian (BRGE) confirm\u0103 posibilitatea utiliz\u0103rii gelului de Aloe Vera \u00een ameliorarea acestui simptom. <\/p>\n\n\n\n<ul class=\"has-sitka-black-color has-text-color wp-block-list\">\n<li><strong>Contribuie la sc\u0103derea glicemiei <\/strong><\/li>\n<\/ul>\n\n\n\n<p class=\"has-sitka-black-color has-text-color\">Un studiu realizat pe un grup de persoane cu diabet arat\u0103 poten\u021bialul gelului de Aloe Vera de a fi folosit ca adjuvant \u00een sc\u0103derea nivelului de zah\u0103r din s\u00e2nge. \u00cen cadrul acestui studiu, administrarea a 2 linguri\u021be de gel pe zi, minim 2 s\u0103pt\u0103m\u00e2ni, a condus la diminuarea valorilor glicemiei, respectiv a num\u0103rului de trigliceride \u00een cazul persoanelor participante. <\/p>\n\n\n\n<ul class=\"has-sitka-black-color has-text-color wp-block-list\">\n<li><strong>Gr\u0103be\u0219te vindecarea arsurilor <\/strong><\/li>\n<\/ul>\n\n\n\n<p class=\"has-sitka-black-color has-text-color\">Datorit\u0103 efectului calmant, antiinflamator \u0219i antiseptic, gelul de Aloe Vera este ideal nu doar pentru tratarea arsurilor de gradul I \u0219i II, ci \u0219i pentru reducerea timpului de vindecare al r\u0103nilor cu p\u00e2n\u0103 la 9 zile, se arat\u0103 \u00een cadrul mai multor studii. <\/p>\n\n\n\n<ul class=\"has-sitka-black-color has-text-color wp-block-list\">\n<li><strong>Hidrateaz\u0103 \u0219i detoxific\u0103 organismul <\/strong><\/li>\n<\/ul>\n\n\n\n<p class=\"has-sitka-black-color has-text-color\">Consumul sucului sau a gelului de Aloe Vera sub form\u0103 de b\u0103uturi sau ad\u0103ugarea acestuia \u00een smoothie-uri reprezint\u0103 o modalitate eficient\u0103 de hidratare a organismului, precum \u0219i de recuperare dup\u0103 efort fizic intens. Totodat\u0103, men\u021binerea unui nivel optim de hidratare ajut\u0103 corpul \u00een procesul de detoxifiere prin eliminarea resturilor alimentare \u0219i altor reziduuri. <\/p>\n\n\n\n<figure class=\"wp-block-image size-large\"><img loading=\"lazy\" decoding=\"async\" width=\"780\" height=\"430\" src=\"https:\/\/vegis.ro\/blog\/wp-content\/uploads\/2020\/02\/beneficii-Aloe-Vera-gel-1.png\" alt=\"Suc de Aloe Vera\" class=\"wp-image-19090\" srcset=\"https:\/\/vegis.ro\/blog\/wp-content\/uploads\/2020\/02\/beneficii-Aloe-Vera-gel-1.png 780w, https:\/\/vegis.ro\/blog\/wp-content\/uploads\/2020\/02\/beneficii-Aloe-Vera-gel-1-280x154.png 280w, https:\/\/vegis.ro\/blog\/wp-content\/uploads\/2020\/02\/beneficii-Aloe-Vera-gel-1-600x331.png 600w, https:\/\/vegis.ro\/blog\/wp-content\/uploads\/2020\/02\/beneficii-Aloe-Vera-gel-1-300x165.png 300w, https:\/\/vegis.ro\/blog\/wp-content\/uploads\/2020\/02\/beneficii-Aloe-Vera-gel-1-768x423.png 768w\" sizes=\"(max-width: 780px) 100vw, 780px\" \/><\/figure>\n\n\n\n<ul class=\"has-sitka-black-color has-text-color wp-block-list\">\n<li><strong>\u00cendep\u0103rteaz\u0103 placa dentar\u0103 <\/strong><\/li>\n<\/ul>\n\n\n\n<p class=\"has-sitka-black-color has-text-color\">Con\u021binutul bogat de vitamina C precum \u0219i propriet\u0103\u021bile antibacteriene ale extractului de Aloe Vera au atras aten\u021bia cercet\u0103torilor asupra posibilit\u0103\u021bii utiliz\u0103rii inclusiv pentru igiena oral\u0103. <\/p>\n\n\n\n<p class=\"has-sitka-black-color has-text-color\">\u00centr-unul din studiile clinice efectuate \u00een acest sens s-a dovedit faptul c\u0103 sucul de Aloe Vera (folosit \u00eentr-o solu\u021bie de cl\u0103tire a gurii) este la fel de eficient \u00een reducerea pl\u0103cii dentare precum clorhexidin\u0103, principalul ingredient din majoritatea apelor de gur\u0103. <\/p>\n\n\n\n<ul class=\"has-sitka-black-color has-text-color wp-block-list\">\n<li><strong>\u00cengrije\u0219te pielea \u0219i \u00eent\u00e2rzie apari\u021bia ridurilor <\/strong><\/li>\n<\/ul>\n\n\n\n<p class=\"has-sitka-black-color has-text-color\">Extractele de Aloe Vera sunt ingrediente cheie \u00een produsele pentru \u00eengrijire a tenului, inclusiv cele antiaging. Aloe Vera spore\u0219te activitatea fibroblastelor, celule care la r\u00e2ndul lor joac\u0103 un rol important \u00een sintetizarea colagenului. \u00centr-un studiu clinic la care au participat 30 de femei cu v\u00e2rsta peste 45 de ani, aplicarea topic\u0103 a gelului de Aloe Vera pe o perioad\u0103 de 3 luni s-a dovedit a fi benefic\u0103 \u00een ceea ce prive\u0219te cre\u0219terea produc\u021biei de colagen \u0219i implicit \u00eembun\u0103t\u0103\u021birea elasticit\u0103\u021bii pielii. <\/p>\n\n\n\n<p class=\"has-sitka-black-color has-text-color\">Totodat\u0103, Aloe Vera poate reduce ro\u0219ea\u021ba \u0219i protejeaz\u0103 \u00eempotriva razelor UV \u0219i a efectelor nocive pe care acestea le au asupra pielii. <\/p>\n\n\n\n<h2 class=\"has-text-align-center has-sitka-white-color has-text-color has-background has-medium-font-size wp-block-heading\" style=\"background-color:#90beab\"> <strong>M\u0102\u0218TI PENTRU TEN CU GEL DE ALOE VERA <\/strong><\/h2>\n\n\n<div class=\"wp-block-image\">\n<figure class=\"aligncenter size-large\"><img loading=\"lazy\" decoding=\"async\" width=\"780\" height=\"430\" src=\"https:\/\/vegis.ro\/blog\/wp-content\/uploads\/2020\/02\/masca-pentru-ten-cu-gel-de-aloe-vera.png\" alt=\"masca pentru ten cu gel de aloe vera\" class=\"wp-image-19086\" srcset=\"https:\/\/vegis.ro\/blog\/wp-content\/uploads\/2020\/02\/masca-pentru-ten-cu-gel-de-aloe-vera.png 780w, https:\/\/vegis.ro\/blog\/wp-content\/uploads\/2020\/02\/masca-pentru-ten-cu-gel-de-aloe-vera-280x154.png 280w, https:\/\/vegis.ro\/blog\/wp-content\/uploads\/2020\/02\/masca-pentru-ten-cu-gel-de-aloe-vera-600x331.png 600w, https:\/\/vegis.ro\/blog\/wp-content\/uploads\/2020\/02\/masca-pentru-ten-cu-gel-de-aloe-vera-300x165.png 300w, https:\/\/vegis.ro\/blog\/wp-content\/uploads\/2020\/02\/masca-pentru-ten-cu-gel-de-aloe-vera-768x423.png 768w\" sizes=\"(max-width: 780px) 100vw, 780px\" \/><\/figure><\/div>\n\n\n<p class=\"has-sitka-black-color has-text-color\">Gelul de Aloe Vera este un produs pe care \u00eel po\u021bi combina cu ingrediente dintre cele mai diverse pentru prepararea m\u0103\u0219tilor homemade. Iat\u0103 5 re\u021bete, fiecare cu doar 3 ingrediente, pe care le po\u021bi preg\u0103ti acas\u0103: <\/p>\n\n\n\n<p class=\"has-sitka-black-color has-text-color\"><strong>Masc\u0103 cu aloe vera pentru ten cu acnee: <\/strong><\/p>\n\n\n\n<ul class=\"has-sitka-black-color has-text-color wp-block-list\">\n<li>2 linguri de <a rel=\"noreferrer noopener\" aria-label=\"miere (opens in a new tab)\" href=\"https:\/\/vegis.ro\/produse-apicole\/euroapicola\/5976-miere-poliflora-400g\/\" target=\"_blank\">miere<\/a>; <\/li>\n\n\n\n<li>1 lingur\u0103 gel de aloe vera; <\/li>\n\n\n\n<li>1\/4 linguri\u021b\u0103 <a aria-label=\"scor\u021bi\u0219oar\u0103 (opens in a new tab)\" href=\"https:\/\/vegis.ro\/mirodenii-pentru-prajituri\/niavis\/25921-scortisoara-ceylon-pulbere-ecologica-bio-60g\/\" target=\"_blank\" rel=\"noreferrer noopener\">scor\u021bi\u0219oar\u0103<\/a>. <\/li>\n<\/ul>\n\n\n\n<p class=\"has-sitka-black-color has-text-color\"><strong>Masc\u0103 cu aloe vera pentru ten uscat: <\/strong><\/p>\n\n\n\n<ul class=\"has-sitka-black-color has-text-color wp-block-list\">\n<li>2 linguri aloe vera gel; <\/li>\n\n\n\n<li>3 linguri\u021be <a rel=\"noreferrer noopener\" aria-label=\"ulei de migdale (opens in a new tab)\" href=\"https:\/\/vegis.ro\/cosmetice-corp\/herbavit\/5771-ulei-migdale-dulci-100ml\/\" target=\"_blank\">ulei de migdale<\/a>; <\/li>\n\n\n\n<li>o banan\u0103 medie, pisat\u0103. <\/li>\n<\/ul>\n\n\n\n<p class=\"has-sitka-black-color has-text-color\"><strong>Masc\u0103 cu aloe vera pentru ten gras: <\/strong><\/p>\n\n\n\n<ul class=\"has-sitka-black-color has-text-color wp-block-list\">\n<li>1 lingur\u0103 gel de aloe vera; <\/li>\n\n\n\n<li>1 linguri\u021b\u0103 de iaurt; <\/li>\n\n\n\n<li>1\/2 linguri\u021b\u0103 zeam\u0103 de l\u0103m\u00e2ie. <\/li>\n<\/ul>\n\n\n\n<p class=\"has-sitka-black-color has-text-color\"><strong>Masc\u0103 cu aloe vera pentru ten sensibil: <\/strong><\/p>\n\n\n\n<ul class=\"has-sitka-black-color has-text-color wp-block-list\">\n<li>1 lingur\u0103 aloe vera gel; <\/li>\n\n\n\n<li>1 linguri\u021b\u0103 de iaurt; <\/li>\n\n\n\n<li>1 linguri\u021b\u0103 zeam\u0103 de castravete. <\/li>\n<\/ul>\n\n\n\n<p class=\"has-sitka-black-color has-text-color\"><strong>Masc\u0103 cu aloe vera pentru ten cu pete pigmentare: <\/strong><\/p>\n\n\n\n<ul class=\"has-sitka-black-color has-text-color wp-block-list\">\n<li>2 linguri\u021be gel de aloe vera; <\/li>\n\n\n\n<li>1 linguri\u021b\u0103 <a rel=\"noreferrer noopener\" aria-label=\"ap\u0103 de trandafiri (opens in a new tab)\" href=\"https:\/\/vegis.ro\/cosmetice-ten\/herbavit\/10075-apa-de-trandafiri-100ml\/\" target=\"_blank\">ap\u0103 de trandafiri<\/a>; <\/li>\n\n\n\n<li>jum\u0103tate de castravete pisat. <\/li>\n<\/ul>\n\n\n\n<p class=\"has-sitka-black-color has-text-color\">Ingredientele fiec\u0103rei m\u0103\u0219ti \u00een parte se amestec\u0103 p\u00e2n\u0103 la ob\u021binerea unei compozi\u021bii omogene care ulterior se aplic\u0103 pe ten \u0219i se las\u0103 s\u0103 ac\u021bioneze minim 10 de minute &#8211; maxim 20 de minute. <\/p>\n\n\n\n<figure class=\"wp-block-video alignwide\"><video controls src=\"https:\/\/vegis.ro\/blog\/wp-content\/uploads\/2020\/02\/gel-de-aloe-vera-1.mp4\"><\/video><\/figure>\n\n\n\n<h2 class=\"has-text-align-center has-sitka-white-color has-text-color has-background has-medium-font-size wp-block-heading\" style=\"background-color:#90beab\"> <strong>CONTRAINDICA\u021aII ALOE VERA <\/strong><\/h2>\n\n\n\n<p class=\"has-sitka-black-color has-text-color\">Aplicarea direct pe piele \u0219i administrarea intern\u0103 a gelului de Aloe Vera sunt considerate a fi 2 modalit\u0103\u021bi sigure de consum pentru orice persoan\u0103. \u00cen schimb, efecte secundare au fost \u00eenregistrate \u00een cazul consumului de c\u0103tre anumite persoane a sucului de Aloe Vera, efecte ce sunt str\u00e2ns legate de calitatea acestui tip de extract. <\/p>\n\n\n\n<p class=\"has-sitka-black-color has-text-color\">Astfel, pentru consumul intern se recomand\u0103 doar <strong>sucul de Aloe Vera purificat \u0219i decolorat<\/strong> care are un nivel sc\u0103zut de antrachinone. A\u0219a cum am aflat \u00eempreun\u0103 mai devreme, a\u0219a-numitele antrachinone sunt compu\u0219i cu ac\u021biune puternic laxativ\u0103, iar prezen\u021ba acestora \u00eentr-o cantitate mare poate cauza diaree sau crampe. Mai mult, \u00een urma unor studii clinice efectuate pe \u0219oareci s-a constatat faptul c\u0103 antrachinonele au efect iritant asupra intestinului \u0219i pot cauza tumori. <\/p>\n\n\n\n<p class=\"has-sitka-black-color has-text-color\">A\u0219adar, dac\u0103 ai \u00een plan urmarea unui tratament cu suc de Aloe Vera, asigura-te c\u0103 acesta este procurat dintr-o surs\u0103 sigur\u0103 \u0219i c\u0103 produsul este unul purificat. <\/p>\n\n\n\n<div class=\"wp-block-button aligncenter\"><a class=\"wp-block-button__link has-sitka-accent-background-color has-background wp-element-button\" href=\"https:\/\/vegis.ro\/acnee-tratamente\/nature-s-way\/5019-aloe-vera-gel-juice-1l\/\"> Suc de Aloe Vera purificat po\u021bi comanda de aici &gt;&gt;<\/a><\/div>\n\n\n\n<p><\/p>\n\n\n\n<p class=\"has-sitka-black-color has-text-color\">De asemenea, chiar dac\u0103 e\u0219ti sigur \u00een ceea ce prive\u0219te calitatea sucului, exist\u0103 c\u00e2teva situa\u021bii \u00een care consumul acestuia ar trebui evitat sau realizat sub supravegherea unui medic specialist, \u0219i anume: <\/p>\n\n\n\n<ul class=\"has-sitka-black-color has-text-color wp-block-list\">\n<li>\u00een cazul persoanelor cu diabet care se afl\u0103 deja sub tratament pentru aceast\u0103 afec\u021biune. Sucul de Aloe Vera poate interac\u021biona cu anumite medicamente sau cauza hipoglicemie (sc\u0103derea brusc\u0103 a valorilor glicemiei); <\/li>\n\n\n\n<li>\u00een cazul persoanelor care consum\u0103 deja laxative; <\/li>\n\n\n\n<li>\u00een cazul femeilor \u00eens\u0103rcinate. <\/li>\n<\/ul>\n\n\n\n<p class=\"has-sitka-black-color has-text-color\">Indiferent de forma extractului care se dore\u0219te a fi consumat se recomand\u0103 consultarea unui medic \u00eenainte de \u00eenceperea administr\u0103rii, respectiv aplicarea pe o suprafa\u021b\u0103 mic\u0103 de piele \u00een cazul gelului pentru identificarea unei eventuale reac\u021bii alergice. <\/p>\n\n\n\n<p class=\"has-sitka-black-color has-text-color\">Gel de Aloe Vera, suc, pulbere \u0219i extracte sub form\u0103 de capsule ale acestei plante sunt disponibile pe <a rel=\"noreferrer noopener\" aria-label=\"vegis.ro (opens in a new tab)\" href=\"https:\/\/vegis.ro\/\" target=\"_blank\"><strong>vegis.ro<\/strong><\/a>.&nbsp;<\/p>\n\n\n\n<p class=\"has-sitka-black-color has-text-color\">Surse: <br> 1. https:\/\/www.healthline.com\/health\/7-amazing-uses-aloe-vera <br> 2. https:\/\/www.healthline.com\/health\/food-nutrition\/aloe-vera-juice-benefits <br> 3. https:\/\/www.healthline.com\/health\/digestive-health\/aloe-vera-juice-acid-reflux <br> 4. https:\/\/www.medicalnewstoday.com\/articles\/318591.php <br> 5. https:\/\/www.medicalnewstoday.com\/articles\/321273.php <br> 6. https:\/\/www.ncbi.nlm.nih.gov\/pmc\/articles\/PMC3729540\/ <br> 7. https:\/\/www.ncbi.nlm.nih.gov\/pmc\/articles\/PMC4253296\/ <br> 8. https:\/\/draxe.com\/nutrition\/aloe-vera-benefits\/ <br> 9. https:\/\/www.imarcgroup.com\/aloe-vera-gel-manufacturing-plant<\/p>\n","protected":false},"excerpt":{"rendered":"<p>Exist\u0103 aproximativ 420 de specii de Aloe \u00eens\u0103 dintre toate acestea, una singur\u0103 a condus la dezvoltarea unei adev\u0103rate industrii care ast\u0103zi valoreaz\u0103 milioane de dolari. Aloe vera (Aloe barbadensis miller &#8211; denumirea botanic\u0103) este cea mai utilizat\u0103 specie de Aloe \u00eenc\u0103 din perioada Egiptului Antic, iar cel mai cunoscut extract este a\u0219a-numitul gel de Aloe Vera folosit la nivel global \u00een industria alimentar\u0103, industria cosmetic\u0103 \u0219i cea a suplimentelor naturale datorit\u0103 con\u021binutului complex de nutrien\u021bi \u0219i propriet\u0103\u021bilor terapeutice. Aplicarea topic\u0103 (direct pe piele) a gelului de Aloe Vera \u00een caz de arsuri, zg\u00e2rieturi sau alte leziuni minore reprezint\u0103 una din numeroasele \u00eentrebuin\u021b\u0103ri externe, \u00eens\u0103 planta (\u0219i implicit extractul sub form\u0103 de gel) are efecte benefice ce o recomand\u0103 inclusiv pentru consumul intern. \u0218tiai c\u0103\u2026 \u2026 valoarea pie\u021bei globale a Aloei Vera a atins cifra [&hellip;]<\/p>\n","protected":false},"author":9,"featured_media":19100,"comment_status":"open","ping_status":"open","sticky":false,"template":"","format":"standard","meta":{"_acf_changed":false,"_eb_attr":"","footnotes":""},"categories":[312],"tags":[125,61,245,93],"class_list":["post-19064","post","type-post","status-publish","format-standard","has-post-thumbnail","hentry","category-remedii-si-tratamente-naturiste","tag-antiaging","tag-antioxidanti","tag-detoxifiere","tag-ingrijire-personala"],"acf":[],"yoast_head":"<!-- This site is optimized with the Yoast SEO plugin v27.5 - https:\/\/yoast.com\/product\/yoast-seo-wordpress\/ -->\n<title>6 motive s\u0103 folose\u0219ti gel de Aloe Vera intern \u0219i extern (m\u0103\u0219ti + video)<\/title>\n<meta name=\"description\" content=\"Descopera mai multe despre \u279c 6 motive s\u0103 folose\u0219ti gel de Aloe Vera intern \u0219i extern (m\u0103\u0219ti + video) \u2705 \u27a4 Citeste articolul pe Vegis.ro\" \/>\n<meta name=\"robots\" content=\"index, follow, max-snippet:-1, max-image-preview:large, max-video-preview:-1\" \/>\n<link rel=\"canonical\" href=\"https:\/\/vegis.ro\/blog\/6-motive-sa-folosesti-gel-de-aloe-vera-intern-si-extern-masti-video\/\" \/>\n<meta property=\"og:locale\" content=\"en_US\" \/>\n<meta property=\"og:type\" content=\"article\" \/>\n<meta property=\"og:title\" content=\"6 motive s\u0103 folose\u0219ti gel de Aloe Vera intern \u0219i extern (m\u0103\u0219ti + video)\" \/>\n<meta property=\"og:description\" content=\"\u0218tiai c\u0103 po\u021bi folosi gel de Aloe Vera pentru calmarea \u0219i \u00eengrijirea tenului, dar \u0219i ameliorarea anumitor afec\u021biuni? Afl\u0103 mai multe din articolul nostru!\" \/>\n<meta property=\"og:url\" content=\"https:\/\/vegis.ro\/blog\/6-motive-sa-folosesti-gel-de-aloe-vera-intern-si-extern-masti-video\/\" \/>\n<meta property=\"og:site_name\" content=\"Natura la tine acas\u0103\" \/>\n<meta property=\"article:published_time\" content=\"2020-02-19T11:50:55+00:00\" \/>\n<meta property=\"article:modified_time\" content=\"2025-05-21T08:36:42+00:00\" \/>\n<meta property=\"og:image\" content=\"https:\/\/vegis.ro\/blog\/wp-content\/uploads\/2020\/02\/Gel-de-Aloe-Vera-1.png\" \/>\n\t<meta property=\"og:image:width\" content=\"900\" \/>\n\t<meta property=\"og:image:height\" content=\"600\" \/>\n\t<meta property=\"og:image:type\" content=\"image\/png\" \/>\n<meta name=\"author\" content=\"Alexandra\" \/>\n<meta name=\"twitter:card\" content=\"summary_large_image\" \/>\n<meta name=\"twitter:label1\" content=\"Written by\" \/>\n\t<meta name=\"twitter:data1\" content=\"Alexandra\" \/>\n\t<meta name=\"twitter:label2\" content=\"Est. reading time\" \/>\n\t<meta name=\"twitter:data2\" content=\"8 minutes\" \/>\n<script type=\"application\/ld+json\" class=\"yoast-schema-graph\">{\"@context\":\"https:\\\/\\\/schema.org\",\"@graph\":[{\"@type\":\"Article\",\"@id\":\"https:\\\/\\\/vegis.ro\\\/blog\\\/6-motive-sa-folosesti-gel-de-aloe-vera-intern-si-extern-masti-video\\\/#article\",\"isPartOf\":{\"@id\":\"https:\\\/\\\/vegis.ro\\\/blog\\\/6-motive-sa-folosesti-gel-de-aloe-vera-intern-si-extern-masti-video\\\/\"},\"author\":{\"name\":\"Alexandra\",\"@id\":\"https:\\\/\\\/vegis.ro\\\/blog\\\/#\\\/schema\\\/person\\\/52077e6ef6946be3dd8864533b94301f\"},\"headline\":\"6 motive s\u0103 folose\u0219ti gel de Aloe Vera intern \u0219i extern (m\u0103\u0219ti + video)\",\"datePublished\":\"2020-02-19T11:50:55+00:00\",\"dateModified\":\"2025-05-21T08:36:42+00:00\",\"mainEntityOfPage\":{\"@id\":\"https:\\\/\\\/vegis.ro\\\/blog\\\/6-motive-sa-folosesti-gel-de-aloe-vera-intern-si-extern-masti-video\\\/\"},\"wordCount\":1590,\"commentCount\":1,\"publisher\":{\"@id\":\"https:\\\/\\\/vegis.ro\\\/blog\\\/#organization\"},\"image\":{\"@id\":\"https:\\\/\\\/vegis.ro\\\/blog\\\/6-motive-sa-folosesti-gel-de-aloe-vera-intern-si-extern-masti-video\\\/#primaryimage\"},\"thumbnailUrl\":\"https:\\\/\\\/vegis.ro\\\/blog\\\/wp-content\\\/uploads\\\/2020\\\/02\\\/Gel-de-Aloe-Vera-1.png\",\"keywords\":[\"antiaging\",\"antioxidanti\",\"detoxifiere\",\"ingrijire personala\"],\"articleSection\":[\"Remedii si tratamente naturiste\"],\"inLanguage\":\"en-US\",\"potentialAction\":[{\"@type\":\"CommentAction\",\"name\":\"Comment\",\"target\":[\"https:\\\/\\\/vegis.ro\\\/blog\\\/6-motive-sa-folosesti-gel-de-aloe-vera-intern-si-extern-masti-video\\\/#respond\"]}]},{\"@type\":\"WebPage\",\"@id\":\"https:\\\/\\\/vegis.ro\\\/blog\\\/6-motive-sa-folosesti-gel-de-aloe-vera-intern-si-extern-masti-video\\\/\",\"url\":\"https:\\\/\\\/vegis.ro\\\/blog\\\/6-motive-sa-folosesti-gel-de-aloe-vera-intern-si-extern-masti-video\\\/\",\"name\":\"6 motive s\u0103 folose\u0219ti gel de Aloe Vera intern \u0219i extern (m\u0103\u0219ti + video)\",\"isPartOf\":{\"@id\":\"https:\\\/\\\/vegis.ro\\\/blog\\\/#website\"},\"primaryImageOfPage\":{\"@id\":\"https:\\\/\\\/vegis.ro\\\/blog\\\/6-motive-sa-folosesti-gel-de-aloe-vera-intern-si-extern-masti-video\\\/#primaryimage\"},\"image\":{\"@id\":\"https:\\\/\\\/vegis.ro\\\/blog\\\/6-motive-sa-folosesti-gel-de-aloe-vera-intern-si-extern-masti-video\\\/#primaryimage\"},\"thumbnailUrl\":\"https:\\\/\\\/vegis.ro\\\/blog\\\/wp-content\\\/uploads\\\/2020\\\/02\\\/Gel-de-Aloe-Vera-1.png\",\"datePublished\":\"2020-02-19T11:50:55+00:00\",\"dateModified\":\"2025-05-21T08:36:42+00:00\",\"description\":\"Descopera mai multe despre \u279c 6 motive s\u0103 folose\u0219ti gel de Aloe Vera intern \u0219i extern (m\u0103\u0219ti + video) \u2705 \u27a4 Citeste articolul pe Vegis.ro\",\"breadcrumb\":{\"@id\":\"https:\\\/\\\/vegis.ro\\\/blog\\\/6-motive-sa-folosesti-gel-de-aloe-vera-intern-si-extern-masti-video\\\/#breadcrumb\"},\"inLanguage\":\"en-US\",\"potentialAction\":[{\"@type\":\"ReadAction\",\"target\":[\"https:\\\/\\\/vegis.ro\\\/blog\\\/6-motive-sa-folosesti-gel-de-aloe-vera-intern-si-extern-masti-video\\\/\"]}]},{\"@type\":\"ImageObject\",\"inLanguage\":\"en-US\",\"@id\":\"https:\\\/\\\/vegis.ro\\\/blog\\\/6-motive-sa-folosesti-gel-de-aloe-vera-intern-si-extern-masti-video\\\/#primaryimage\",\"url\":\"https:\\\/\\\/vegis.ro\\\/blog\\\/wp-content\\\/uploads\\\/2020\\\/02\\\/Gel-de-Aloe-Vera-1.png\",\"contentUrl\":\"https:\\\/\\\/vegis.ro\\\/blog\\\/wp-content\\\/uploads\\\/2020\\\/02\\\/Gel-de-Aloe-Vera-1.png\",\"width\":900,\"height\":600,\"caption\":\"Gel de Aloe Vera\"},{\"@type\":\"BreadcrumbList\",\"@id\":\"https:\\\/\\\/vegis.ro\\\/blog\\\/6-motive-sa-folosesti-gel-de-aloe-vera-intern-si-extern-masti-video\\\/#breadcrumb\",\"itemListElement\":[{\"@type\":\"ListItem\",\"position\":1,\"name\":\"Vegis.ro\",\"item\":\"https:\\\/\\\/vegis.ro\\\/blog\\\/\"},{\"@type\":\"ListItem\",\"position\":2,\"name\":\"6 motive s\u0103 folose\u0219ti gel de Aloe Vera intern \u0219i extern (m\u0103\u0219ti + video)\"}]},{\"@type\":\"WebSite\",\"@id\":\"https:\\\/\\\/vegis.ro\\\/blog\\\/#website\",\"url\":\"https:\\\/\\\/vegis.ro\\\/blog\\\/\",\"name\":\"Natura la tine acas\u0103\",\"description\":\"Blogul Vegis.ro\",\"publisher\":{\"@id\":\"https:\\\/\\\/vegis.ro\\\/blog\\\/#organization\"},\"potentialAction\":[{\"@type\":\"SearchAction\",\"target\":{\"@type\":\"EntryPoint\",\"urlTemplate\":\"https:\\\/\\\/vegis.ro\\\/blog\\\/?s={search_term_string}\"},\"query-input\":{\"@type\":\"PropertyValueSpecification\",\"valueRequired\":true,\"valueName\":\"search_term_string\"}}],\"inLanguage\":\"en-US\"},{\"@type\":\"Organization\",\"@id\":\"https:\\\/\\\/vegis.ro\\\/blog\\\/#organization\",\"name\":\"Natura la tine acas\u0103\",\"url\":\"https:\\\/\\\/vegis.ro\\\/blog\\\/\",\"logo\":{\"@type\":\"ImageObject\",\"inLanguage\":\"en-US\",\"@id\":\"https:\\\/\\\/vegis.ro\\\/blog\\\/#\\\/schema\\\/logo\\\/image\\\/\",\"url\":\"https:\\\/\\\/vegis.ro\\\/blog\\\/wp-content\\\/uploads\\\/2018\\\/01\\\/logo-vegis.png\",\"contentUrl\":\"https:\\\/\\\/vegis.ro\\\/blog\\\/wp-content\\\/uploads\\\/2018\\\/01\\\/logo-vegis.png\",\"width\":254,\"height\":85,\"caption\":\"Natura la tine acas\u0103\"},\"image\":{\"@id\":\"https:\\\/\\\/vegis.ro\\\/blog\\\/#\\\/schema\\\/logo\\\/image\\\/\"}},{\"@type\":\"Person\",\"@id\":\"https:\\\/\\\/vegis.ro\\\/blog\\\/#\\\/schema\\\/person\\\/52077e6ef6946be3dd8864533b94301f\",\"name\":\"Alexandra\",\"image\":{\"@type\":\"ImageObject\",\"inLanguage\":\"en-US\",\"@id\":\"https:\\\/\\\/secure.gravatar.com\\\/avatar\\\/c02ca594fbbed5d720b786544a07658b107612943de4f36dbb9d56214b5c0290?s=96&d=identicon&r=g\",\"url\":\"https:\\\/\\\/secure.gravatar.com\\\/avatar\\\/c02ca594fbbed5d720b786544a07658b107612943de4f36dbb9d56214b5c0290?s=96&d=identicon&r=g\",\"contentUrl\":\"https:\\\/\\\/secure.gravatar.com\\\/avatar\\\/c02ca594fbbed5d720b786544a07658b107612943de4f36dbb9d56214b5c0290?s=96&d=identicon&r=g\",\"caption\":\"Alexandra\"},\"description\":\"Iubitor al cuvintelor scrise pe care le a\u0219tern online de c\u00e2\u021biva ani \u0219i le citesc \u00eenc\u0103 din copil\u0103rie. Explorator al naturii, pasionat de mi\u0219care, cadrele foto perfecte \u0219i romanele poli\u021biste.\",\"url\":\"https:\\\/\\\/vegis.ro\\\/blog\\\/author\\\/alexandra\\\/\"}]}<\/script>\n<!-- \/ Yoast SEO plugin. -->","yoast_head_json":{"title":"6 motive s\u0103 folose\u0219ti gel de Aloe Vera intern \u0219i extern (m\u0103\u0219ti + video)","description":"Descopera mai multe despre \u279c 6 motive s\u0103 folose\u0219ti gel de Aloe Vera intern \u0219i extern (m\u0103\u0219ti + video) \u2705 \u27a4 Citeste articolul pe Vegis.ro","robots":{"index":"index","follow":"follow","max-snippet":"max-snippet:-1","max-image-preview":"max-image-preview:large","max-video-preview":"max-video-preview:-1"},"canonical":"https:\/\/vegis.ro\/blog\/6-motive-sa-folosesti-gel-de-aloe-vera-intern-si-extern-masti-video\/","og_locale":"en_US","og_type":"article","og_title":"6 motive s\u0103 folose\u0219ti gel de Aloe Vera intern \u0219i extern (m\u0103\u0219ti + video)","og_description":"\u0218tiai c\u0103 po\u021bi folosi gel de Aloe Vera pentru calmarea \u0219i \u00eengrijirea tenului, dar \u0219i ameliorarea anumitor afec\u021biuni? Afl\u0103 mai multe din articolul nostru!","og_url":"https:\/\/vegis.ro\/blog\/6-motive-sa-folosesti-gel-de-aloe-vera-intern-si-extern-masti-video\/","og_site_name":"Natura la tine acas\u0103","article_published_time":"2020-02-19T11:50:55+00:00","article_modified_time":"2025-05-21T08:36:42+00:00","og_image":[{"width":900,"height":600,"url":"https:\/\/vegis.ro\/blog\/wp-content\/uploads\/2020\/02\/Gel-de-Aloe-Vera-1.png","type":"image\/png"}],"author":"Alexandra","twitter_card":"summary_large_image","twitter_misc":{"Written by":"Alexandra","Est. reading time":"8 minutes"},"schema":{"@context":"https:\/\/schema.org","@graph":[{"@type":"Article","@id":"https:\/\/vegis.ro\/blog\/6-motive-sa-folosesti-gel-de-aloe-vera-intern-si-extern-masti-video\/#article","isPartOf":{"@id":"https:\/\/vegis.ro\/blog\/6-motive-sa-folosesti-gel-de-aloe-vera-intern-si-extern-masti-video\/"},"author":{"name":"Alexandra","@id":"https:\/\/vegis.ro\/blog\/#\/schema\/person\/52077e6ef6946be3dd8864533b94301f"},"headline":"6 motive s\u0103 folose\u0219ti gel de Aloe Vera intern \u0219i extern (m\u0103\u0219ti + video)","datePublished":"2020-02-19T11:50:55+00:00","dateModified":"2025-05-21T08:36:42+00:00","mainEntityOfPage":{"@id":"https:\/\/vegis.ro\/blog\/6-motive-sa-folosesti-gel-de-aloe-vera-intern-si-extern-masti-video\/"},"wordCount":1590,"commentCount":1,"publisher":{"@id":"https:\/\/vegis.ro\/blog\/#organization"},"image":{"@id":"https:\/\/vegis.ro\/blog\/6-motive-sa-folosesti-gel-de-aloe-vera-intern-si-extern-masti-video\/#primaryimage"},"thumbnailUrl":"https:\/\/vegis.ro\/blog\/wp-content\/uploads\/2020\/02\/Gel-de-Aloe-Vera-1.png","keywords":["antiaging","antioxidanti","detoxifiere","ingrijire personala"],"articleSection":["Remedii si tratamente naturiste"],"inLanguage":"en-US","potentialAction":[{"@type":"CommentAction","name":"Comment","target":["https:\/\/vegis.ro\/blog\/6-motive-sa-folosesti-gel-de-aloe-vera-intern-si-extern-masti-video\/#respond"]}]},{"@type":"WebPage","@id":"https:\/\/vegis.ro\/blog\/6-motive-sa-folosesti-gel-de-aloe-vera-intern-si-extern-masti-video\/","url":"https:\/\/vegis.ro\/blog\/6-motive-sa-folosesti-gel-de-aloe-vera-intern-si-extern-masti-video\/","name":"6 motive s\u0103 folose\u0219ti gel de Aloe Vera intern \u0219i extern (m\u0103\u0219ti + video)","isPartOf":{"@id":"https:\/\/vegis.ro\/blog\/#website"},"primaryImageOfPage":{"@id":"https:\/\/vegis.ro\/blog\/6-motive-sa-folosesti-gel-de-aloe-vera-intern-si-extern-masti-video\/#primaryimage"},"image":{"@id":"https:\/\/vegis.ro\/blog\/6-motive-sa-folosesti-gel-de-aloe-vera-intern-si-extern-masti-video\/#primaryimage"},"thumbnailUrl":"https:\/\/vegis.ro\/blog\/wp-content\/uploads\/2020\/02\/Gel-de-Aloe-Vera-1.png","datePublished":"2020-02-19T11:50:55+00:00","dateModified":"2025-05-21T08:36:42+00:00","description":"Descopera mai multe despre \u279c 6 motive s\u0103 folose\u0219ti gel de Aloe Vera intern \u0219i extern (m\u0103\u0219ti + video) \u2705 \u27a4 Citeste articolul pe Vegis.ro","breadcrumb":{"@id":"https:\/\/vegis.ro\/blog\/6-motive-sa-folosesti-gel-de-aloe-vera-intern-si-extern-masti-video\/#breadcrumb"},"inLanguage":"en-US","potentialAction":[{"@type":"ReadAction","target":["https:\/\/vegis.ro\/blog\/6-motive-sa-folosesti-gel-de-aloe-vera-intern-si-extern-masti-video\/"]}]},{"@type":"ImageObject","inLanguage":"en-US","@id":"https:\/\/vegis.ro\/blog\/6-motive-sa-folosesti-gel-de-aloe-vera-intern-si-extern-masti-video\/#primaryimage","url":"https:\/\/vegis.ro\/blog\/wp-content\/uploads\/2020\/02\/Gel-de-Aloe-Vera-1.png","contentUrl":"https:\/\/vegis.ro\/blog\/wp-content\/uploads\/2020\/02\/Gel-de-Aloe-Vera-1.png","width":900,"height":600,"caption":"Gel de Aloe Vera"},{"@type":"BreadcrumbList","@id":"https:\/\/vegis.ro\/blog\/6-motive-sa-folosesti-gel-de-aloe-vera-intern-si-extern-masti-video\/#breadcrumb","itemListElement":[{"@type":"ListItem","position":1,"name":"Vegis.ro","item":"https:\/\/vegis.ro\/blog\/"},{"@type":"ListItem","position":2,"name":"6 motive s\u0103 folose\u0219ti gel de Aloe Vera intern \u0219i extern (m\u0103\u0219ti + video)"}]},{"@type":"WebSite","@id":"https:\/\/vegis.ro\/blog\/#website","url":"https:\/\/vegis.ro\/blog\/","name":"Natura la tine acas\u0103","description":"Blogul Vegis.ro","publisher":{"@id":"https:\/\/vegis.ro\/blog\/#organization"},"potentialAction":[{"@type":"SearchAction","target":{"@type":"EntryPoint","urlTemplate":"https:\/\/vegis.ro\/blog\/?s={search_term_string}"},"query-input":{"@type":"PropertyValueSpecification","valueRequired":true,"valueName":"search_term_string"}}],"inLanguage":"en-US"},{"@type":"Organization","@id":"https:\/\/vegis.ro\/blog\/#organization","name":"Natura la tine acas\u0103","url":"https:\/\/vegis.ro\/blog\/","logo":{"@type":"ImageObject","inLanguage":"en-US","@id":"https:\/\/vegis.ro\/blog\/#\/schema\/logo\/image\/","url":"https:\/\/vegis.ro\/blog\/wp-content\/uploads\/2018\/01\/logo-vegis.png","contentUrl":"https:\/\/vegis.ro\/blog\/wp-content\/uploads\/2018\/01\/logo-vegis.png","width":254,"height":85,"caption":"Natura la tine acas\u0103"},"image":{"@id":"https:\/\/vegis.ro\/blog\/#\/schema\/logo\/image\/"}},{"@type":"Person","@id":"https:\/\/vegis.ro\/blog\/#\/schema\/person\/52077e6ef6946be3dd8864533b94301f","name":"Alexandra","image":{"@type":"ImageObject","inLanguage":"en-US","@id":"https:\/\/secure.gravatar.com\/avatar\/c02ca594fbbed5d720b786544a07658b107612943de4f36dbb9d56214b5c0290?s=96&d=identicon&r=g","url":"https:\/\/secure.gravatar.com\/avatar\/c02ca594fbbed5d720b786544a07658b107612943de4f36dbb9d56214b5c0290?s=96&d=identicon&r=g","contentUrl":"https:\/\/secure.gravatar.com\/avatar\/c02ca594fbbed5d720b786544a07658b107612943de4f36dbb9d56214b5c0290?s=96&d=identicon&r=g","caption":"Alexandra"},"description":"Iubitor al cuvintelor scrise pe care le a\u0219tern online de c\u00e2\u021biva ani \u0219i le citesc \u00eenc\u0103 din copil\u0103rie. Explorator al naturii, pasionat de mi\u0219care, cadrele foto perfecte \u0219i romanele poli\u021biste.","url":"https:\/\/vegis.ro\/blog\/author\/alexandra\/"}]}},"_links":{"self":[{"href":"https:\/\/vegis.ro\/blog\/wp-json\/wp\/v2\/posts\/19064","targetHints":{"allow":["GET"]}}],"collection":[{"href":"https:\/\/vegis.ro\/blog\/wp-json\/wp\/v2\/posts"}],"about":[{"href":"https:\/\/vegis.ro\/blog\/wp-json\/wp\/v2\/types\/post"}],"author":[{"embeddable":true,"href":"https:\/\/vegis.ro\/blog\/wp-json\/wp\/v2\/users\/9"}],"replies":[{"embeddable":true,"href":"https:\/\/vegis.ro\/blog\/wp-json\/wp\/v2\/comments?post=19064"}],"version-history":[{"count":0,"href":"https:\/\/vegis.ro\/blog\/wp-json\/wp\/v2\/posts\/19064\/revisions"}],"wp:featuredmedia":[{"embeddable":true,"href":"https:\/\/vegis.ro\/blog\/wp-json\/wp\/v2\/media\/19100"}],"wp:attachment":[{"href":"https:\/\/vegis.ro\/blog\/wp-json\/wp\/v2\/media?parent=19064"}],"wp:term":[{"taxonomy":"category","embeddable":true,"href":"https:\/\/vegis.ro\/blog\/wp-json\/wp\/v2\/categories?post=19064"},{"taxonomy":"post_tag","embeddable":true,"href":"https:\/\/vegis.ro\/blog\/wp-json\/wp\/v2\/tags?post=19064"}],"curies":[{"name":"wp","href":"https:\/\/api.w.org\/{rel}","templated":true}]}}