{"id":18162,"date":"2019-08-27T14:33:02","date_gmt":"2019-08-27T11:33:02","guid":{"rendered":"https:\/\/vegis.ro\/blog\/?p=18162"},"modified":"2025-05-22T16:14:28","modified_gmt":"2025-05-22T13:14:28","slug":"sanziana-cosmetice-romanesti-cu-antioxivita-rebranding-review","status":"publish","type":"post","link":"https:\/\/vegis.ro\/blog\/sanziana-cosmetice-romanesti-cu-antioxivita-rebranding-review\/","title":{"rendered":"S\u00e2nziana, cosmetice rom\u00e2ne\u0219ti cu Antioxivita [Rebranding &#038; review]"},"content":{"rendered":"\n<p class=\"has-sitka-black-color has-text-color\">De cur\u00e2nd, produc\u0103torul rom\u00e2n Prisaca Transilvania ne-a uimit cu <strong>rebranding-ul gamei de cosmetice S\u00e2nziana<\/strong>, \u0219i spunem asta deoarece noile ambalaje sunt absolut \u00eenc\u00e2nt\u0103toare, cu ilustra\u021bii delicate din natur\u0103 \u00eentr-un joc viu de culori. Produsele pentru \u00eengrijire S\u00e2nziana sunt fabricate la Cluj, iar gama se concentreaz\u0103 \u00een special pe cele destinate \u00eengrijirii de zi cu zi a tenului, respectiv a tenului cu probleme. <\/p>\n\n\n\n<p class=\"has-text-align-center has-text-color has-background has-medium-font-size\" style=\"color:#ffffff;background-color:#ffab32\"><strong>COSMETICE ROM\u00c2NE\u0218TI CU ANTIOXIVITA<\/strong><\/p>\n\n\n<div class=\"wp-block-image\">\n<figure class=\"alignright is-resized\"><img fetchpriority=\"high\" decoding=\"async\" src=\"https:\/\/vegis.ro\/blog\/wp-content\/uploads\/2019\/08\/Antioxivita.jpg\" alt=\"\" class=\"wp-image-18195\" width=\"349\" height=\"355\" srcset=\"https:\/\/vegis.ro\/blog\/wp-content\/uploads\/2019\/08\/Antioxivita.jpg 440w, https:\/\/vegis.ro\/blog\/wp-content\/uploads\/2019\/08\/Antioxivita-275x280.jpg 275w, https:\/\/vegis.ro\/blog\/wp-content\/uploads\/2019\/08\/Antioxivita-295x300.jpg 295w\" sizes=\"(max-width: 349px) 100vw, 349px\" \/><\/figure><\/div>\n\n\n<p class=\"has-sitka-black-color has-text-color\">Cosmeticele S\u00e2nziana se remarc\u0103 mai ales prin compozi\u021bia de ingrediente (uleiuri naturale, vitamine, ap\u0103 termal\u0103, apicole) \u0219i faptul c\u0103 <strong>nu con\u021bin parabeni, coloran\u021bi sintetici, parafine, phenoxyethanol sau EDTA. <\/strong>Ingredientul cheie ce \u00eentr\u0103 \u00een compozi\u021bia fiec\u0103rui flacon \u0219i borc\u0103na\u0219 \u00een parte este <strong><a href=\"https:\/\/vegis.ro\/antioxivita\/phenalex\/6891-antioxivita-100ml\/\" target=\"_blank\" rel=\"noreferrer noopener\" aria-label=\" (opens in a new tab)\">Antioxivita<\/a>, cunoscut ca cel mai puternic antioxidant natural rom\u00e2nesc. <\/strong><\/p>\n\n\n\n<p class=\"has-sitka-black-color has-text-color\">Ob\u021binut printr-o metod\u0103 brevetat\u0103 de ing. Simona Bi\u0219boac\u0103 \u0219i <strong>premiat cu medalia de aur<\/strong> la Salonul de Inventic\u0103 Mondial\u0103 IWIS (2011), produsul Antioxivita p\u0103streaz\u0103 antioxidan\u021bii din struguri \u00eentr-o concentra\u021bie mare, av\u00e2nd efecte benefice \u00een <strong>prevenirea \u00eemb\u0103tr\u00e2nirii premature a pielii. <\/strong><\/p>\n\n\n\n<p class=\"has-sitka-black-color has-text-color\">Pe noi ambalajul ne-a convins, dar am fost curio\u0219i s\u0103 sim\u021bim pe propria piele cum sunt aceste produse, care este consisten\u021ba cremelor, mirosul, \u00eentr-un cuvant dac\u0103 sunt la fel de bune precum arat\u0103. Zis \u0219i f\u0103cut! <strong>Am testat 6 din cele 8 cosmetice care alc\u0103tuiesc gama S\u00e2nziana<\/strong> <strong>\u0219i v\u0103 dezv\u0103luim primele impresii mai jos. <\/strong><\/p>\n\n\n\n<p class=\"has-text-align-center has-text-color has-background has-medium-font-size\" style=\"color:#ffffff;background-color:#ffab32\"><strong>LAPTE DEMACHIANT<\/strong><\/p>\n\n\n<div class=\"wp-block-image\">\n<figure class=\"aligncenter\"><img decoding=\"async\" width=\"1024\" height=\"769\" src=\"https:\/\/vegis.ro\/blog\/wp-content\/uploads\/2019\/08\/lapte-demachiant-Sanziana-1024x769.png\" alt=\"\" class=\"wp-image-18191\" srcset=\"https:\/\/vegis.ro\/blog\/wp-content\/uploads\/2019\/08\/lapte-demachiant-Sanziana-1024x769.png 1024w, https:\/\/vegis.ro\/blog\/wp-content\/uploads\/2019\/08\/lapte-demachiant-Sanziana-280x210.png 280w, https:\/\/vegis.ro\/blog\/wp-content\/uploads\/2019\/08\/lapte-demachiant-Sanziana-600x451.png 600w, https:\/\/vegis.ro\/blog\/wp-content\/uploads\/2019\/08\/lapte-demachiant-Sanziana-300x225.png 300w, https:\/\/vegis.ro\/blog\/wp-content\/uploads\/2019\/08\/lapte-demachiant-Sanziana-768x577.png 768w, https:\/\/vegis.ro\/blog\/wp-content\/uploads\/2019\/08\/lapte-demachiant-Sanziana.png 1065w\" sizes=\"(max-width: 1024px) 100vw, 1024px\" \/><\/figure><\/div>\n\n\n<p class=\"has-sitka-black-color has-text-color\">Cu ap\u0103 termal\u0103 de la B\u0103ile Felix, ulei din s\u00e2mburi de struguri \u0219i ulei de jojoba, laptele demachiant este disponibil \u00eentr-un <strong>flacon de 200ml prev\u0103zut cu pompi\u021b\u0103<\/strong>, ceea ce \u00eel face u\u0219or de aplicat pe dischet\u0103. Capul pompi\u021bei se rote\u0219te pentru a permite utilizarea, a\u0219adar \u00eel po\u021bi lua cu tine oriunde f\u0103r\u0103 teama c\u0103 va curge. <\/p>\n\n\n\n<p class=\"has-sitka-black-color has-text-color\">Produsul nu are tocmai consisten\u021ba specific\u0103 laptelui, ci una mai groas\u0103. <strong>Textura este foarte catifelat\u0103, parfumul intens, pl\u0103cut, cu note florale, iar culoarea roz pastelat. <\/strong><\/p>\n\n\n\n<p class=\"has-sitka-black-color has-text-color\">Laptele demachiant nu a fost testat \u00eempotriva machiajului rezistent la ap\u0103, \u00eens\u0103 <strong>\u00eenl\u0103tur\u0103 eficient machiajul obi\u0219nuit. Nu \u00eencarc\u0103 tenul<\/strong>, \u00een sensul c\u0103 dup\u0103 utilizare pe suprafa\u021ba pielii nu r\u0103m\u00e2n urme de produs; ba mai mult, <strong>pielea este u\u0219or catifelat\u0103, pl\u0103cut\u0103 la atingere. <\/strong><\/p>\n\n\n\n<p class=\"has-sitka-black-color has-text-color\">Ce zic clien\u021bii:<\/p>\n\n\n\n<p class=\"has-sitka-black-color has-text-color\"><em><strong>&#8220;Cu siguran\u021b\u0103 \u00eel voi recump\u0103ra. Pentru mine este cel mai eficient demachiant \u0219i bl\u00e2nd \u00een acela\u0219i timp. Pielea nu r\u0103m\u00e2ne lipicioas\u0103 sau uscat\u0103 \u0219i nici nu simt nevoia s\u0103 m\u0103 cl\u0103tesc. Cur\u0103\u021b\u0103 machiajul surprinz\u0103tor de bine. Textur\u0103 excelent\u0103!&#8221;<\/strong><\/em> &#8211; client\u0103 Vegis<\/p>\n\n\n\n<p class=\"has-text-align-center has-text-color has-background has-medium-font-size\" style=\"color:#ffffff;background-color:#ffab32\"><strong>CREM\u0102 ANTICELULITIC\u0102<\/strong>  <\/p>\n\n\n<div class=\"wp-block-image\">\n<figure class=\"aligncenter\"><img decoding=\"async\" width=\"1024\" height=\"769\" src=\"https:\/\/vegis.ro\/blog\/wp-content\/uploads\/2019\/08\/crema-anticelulitica-Sanziana-1024x769.png\" alt=\"\" class=\"wp-image-18192\" srcset=\"https:\/\/vegis.ro\/blog\/wp-content\/uploads\/2019\/08\/crema-anticelulitica-Sanziana-1024x769.png 1024w, https:\/\/vegis.ro\/blog\/wp-content\/uploads\/2019\/08\/crema-anticelulitica-Sanziana-280x210.png 280w, https:\/\/vegis.ro\/blog\/wp-content\/uploads\/2019\/08\/crema-anticelulitica-Sanziana-600x451.png 600w, https:\/\/vegis.ro\/blog\/wp-content\/uploads\/2019\/08\/crema-anticelulitica-Sanziana-300x225.png 300w, https:\/\/vegis.ro\/blog\/wp-content\/uploads\/2019\/08\/crema-anticelulitica-Sanziana-768x577.png 768w, https:\/\/vegis.ro\/blog\/wp-content\/uploads\/2019\/08\/crema-anticelulitica-Sanziana.png 1065w\" sizes=\"(max-width: 1024px) 100vw, 1024px\" \/><\/figure><\/div>\n\n\n<p class=\"has-sitka-black-color has-text-color\">Cu 2 ingrediente \u00een compozi\u021bie cunoscute pentru rolul benefic \u00een eliminarea celulitei,<strong> cafeina<\/strong>, respectiv <strong>uleiul de scor\u021bi\u0219oar\u0103<\/strong>, crema anticelulitic\u0103 S\u00e2nziana \u00eent\u0103re\u0219te \u021besutul conjunctiv, are efect tonifiant, \u00eembun\u0103t\u0103\u021be\u0219te circula\u021bia \u0219i contribuie la eliminarea reten\u021biei de ap\u0103. Ambalajul este asemenea laptelui demachiant din aceea\u0219i gam\u0103, \u0219i anume \u00eentr-un flacon cu pompi\u021b\u0103 \u0219i gramaj de 200ml. <\/p>\n\n\n\n<p class=\"has-sitka-black-color has-text-color\">Crema anticelulitic\u0103 are un miros deosebit deoarece aduce aminte de\u2026 gri\u0219  cu lapte pres\u0103rat cu scor\u021bi\u0219oar\u0103 pe deasupra. Acesta se datoreaz\u0103 uleiului de scor\u021bi\u0219oar\u0103, a\u0219adar te po\u021bi a\u0219tepta la un adev\u0103rat r\u0103sf\u0103\u021b din toate punctele de vedere! <\/p>\n\n\n\n<p class=\"has-sitka-black-color has-text-color\">C\u00e2t prive\u0219te textura, crema este foarte lichid\u0103 de aceea trebuie s\u0103 fii un pic atent\u0103 atunci c\u00e2nd o aplici deoarece aceasta curge repede \u0219i s-ar putea s\u0103-\u021bi scape printre degete la propriu. Cel mai sigur este s\u0103 dozezi cantit\u0103\u021bi mici direct \u00een palm\u0103 pentru a evita scurgerea produsului. <\/p>\n\n\n\n<p class=\"has-sitka-black-color has-text-color\">Ca orice alt produs anticelulitic, crema S\u00e2nziana trebuie aplicat\u0103 zilnic pe o perioad\u0103 mai \u00eendelungat\u0103 pentru a te bucura de rezultate. <\/p>\n\n\n\n<p class=\"has-sitka-black-color has-text-color\">Ce zic clien\u021bii: <\/p>\n\n\n\n<p class=\"has-sitka-black-color has-text-color\"><em><strong>&#8220;Textur\u0103 foarte pl\u0103cut\u0103, parfum discret. Intr\u0103 u\u0219or \u00een piele \u0219i cred c\u0103 va \u00eembun\u0103t\u0103\u021bi aspectul general al acesteia.&#8221;<\/strong> <\/em>&#8211; client\u0103 Vegis <\/p>\n\n\n\n<p class=\"has-text-align-center has-text-color has-background has-medium-font-size\" style=\"color:#ffffff;background-color:#ffab32\"><strong>CREME PENTRU TEN<\/strong> <\/p>\n\n\n<div class=\"wp-block-image\">\n<figure class=\"aligncenter\"><img loading=\"lazy\" decoding=\"async\" width=\"1024\" height=\"385\" src=\"https:\/\/vegis.ro\/blog\/wp-content\/uploads\/2019\/08\/creme-romanesti-cu-Antioxivita-1024x385.png\" alt=\"\" class=\"wp-image-18183\" srcset=\"https:\/\/vegis.ro\/blog\/wp-content\/uploads\/2019\/08\/creme-romanesti-cu-Antioxivita-1024x385.png 1024w, https:\/\/vegis.ro\/blog\/wp-content\/uploads\/2019\/08\/creme-romanesti-cu-Antioxivita-300x113.png 300w, https:\/\/vegis.ro\/blog\/wp-content\/uploads\/2019\/08\/creme-romanesti-cu-Antioxivita-768x288.png 768w, https:\/\/vegis.ro\/blog\/wp-content\/uploads\/2019\/08\/creme-romanesti-cu-Antioxivita.png 1065w\" sizes=\"(max-width: 1024px) 100vw, 1024px\" \/><\/figure><\/div>\n\n\n<p class=\"has-sitka-black-color has-text-color\">Gama S\u00e2nziana ne r\u0103sfa\u021b\u0103 cu 6 tipuri de creme, \u0219i anume: crem\u0103 antiacneic\u0103, crem\u0103 pentru conturul ochilor, crem\u0103 antirid, crem\u0103 hidratant\u0103, crem\u0103 de noapte \u0219i crem\u0103 de m\u00e2ini, cele 4 din urm\u0103 fiind \u0219i cele pe care noi le-am testat. <\/p>\n\n\n\n<p class=\"has-sitka-black-color has-text-color\">Cremele sunt disponibile \u00een <strong>borc\u0103na\u0219e de 30ml de culoare brun\u0103<\/strong> ce ofer\u0103 protec\u021bie \u00eempotriva razelor solare \u0219i asigur\u0103 astfel p\u0103strarea ideal\u0103 a ingredientelor \u0219i propriet\u0103\u021bilor specifice. \u00cen interior sunt prev\u0103zute cu o mic\u0103 dischet\u0103, \u00eendep\u0103rtarea acesteia dezv\u0103luind cremele propriu-zise \u00een tonuri calde din punct de vedere cromatic\u2026 nuan\u021bele \u0219i consisten\u021ba aproape c\u0103 ne-au adus aminte de fondurile de ten lichide. <\/p>\n\n\n\n<p class=\"has-sitka-black-color has-text-color\"><strong>Textura este groas\u0103, fin\u0103 \u0219i u\u0219oar\u0103<\/strong>; aproape c\u0103 nu sim\u021bi c\u0103 ai aplicat crema indiferent c\u0103 vorbim de cea pentru m\u00e2ini sau ten. Cremele <strong>intr\u0103 repede \u00een piele \u0219i nu las\u0103 o senza\u021bie lipicioas\u0103. <\/strong><\/p>\n\n\n\n<p class=\"has-sitka-black-color has-text-color\">C\u00e2t prive\u0219te mirosul, acesta nu este unul nepl\u0103cut \u00eentr-at\u00e2t \u00eenc\u00e2t s\u0103 reprezinte un inconvenient \u00een folosirea produselor \u00eens\u0103 nici nu este unul floral de pild\u0103, cum probabil multe dintre voi s-ar a\u0219tepta de la astfel de cosmetice. <\/p>\n\n\n<div class=\"wp-block-image\">\n<figure class=\"aligncenter\"><img loading=\"lazy\" decoding=\"async\" width=\"1024\" height=\"514\" src=\"https:\/\/vegis.ro\/blog\/wp-content\/uploads\/2019\/08\/crema-antirid-Sanziana-1-1024x514.png\" alt=\"\" class=\"wp-image-18185\" srcset=\"https:\/\/vegis.ro\/blog\/wp-content\/uploads\/2019\/08\/crema-antirid-Sanziana-1-1024x514.png 1024w, https:\/\/vegis.ro\/blog\/wp-content\/uploads\/2019\/08\/crema-antirid-Sanziana-1-300x151.png 300w, https:\/\/vegis.ro\/blog\/wp-content\/uploads\/2019\/08\/crema-antirid-Sanziana-1-768x386.png 768w, https:\/\/vegis.ro\/blog\/wp-content\/uploads\/2019\/08\/crema-antirid-Sanziana-1.png 1065w\" sizes=\"(max-width: 1024px) 100vw, 1024px\" \/><\/figure><\/div>\n\n\n<p class=\"has-text-color has-medium-font-size\" style=\"color:#ffab32\"><strong>CREM\u0102<\/strong> <strong>ANTIRID<\/strong><\/p>\n\n\n\n<p class=\"has-sitka-black-color has-text-color\"><em><strong>&#8220;Bucuria mea este c\u0103 pot \u00eenlocui m\u0103rci celebre cu acest brand rom\u00e2nesc \u0219i s\u0103 ob\u021bin cel pu\u021bin acelea\u0219i rezultate.&#8221;<\/strong><\/em> &#8211; client\u0103 Vegis<\/p>\n\n\n\n<ul class=\"has-sitka-black-color has-text-color wp-block-list\">\n<li>con\u021bine <strong>TENS\u2019UPTM<\/strong>, un ingredient activ cu efect antirid \u0219i lifting dovedit prin studii clinice; are ac\u021biune imediat\u0103 \u0219i pe termen mediu;<\/li>\n\n\n\n<li>\u00eembun\u0103t\u0103\u021be\u0219te elasticitatea tenului;<\/li>\n\n\n\n<li>ofer\u0103 protec\u021bie \u00eempotriva factorilor de mediu. <\/li>\n<\/ul>\n\n\n\n<figure class=\"wp-block-image\"><img loading=\"lazy\" decoding=\"async\" width=\"1024\" height=\"514\" src=\"https:\/\/vegis.ro\/blog\/wp-content\/uploads\/2019\/08\/crema-de-noapte-Sanziana-2-1024x514.png\" alt=\"\" class=\"wp-image-18188\" srcset=\"https:\/\/vegis.ro\/blog\/wp-content\/uploads\/2019\/08\/crema-de-noapte-Sanziana-2-1024x514.png 1024w, https:\/\/vegis.ro\/blog\/wp-content\/uploads\/2019\/08\/crema-de-noapte-Sanziana-2-300x151.png 300w, https:\/\/vegis.ro\/blog\/wp-content\/uploads\/2019\/08\/crema-de-noapte-Sanziana-2-768x386.png 768w, https:\/\/vegis.ro\/blog\/wp-content\/uploads\/2019\/08\/crema-de-noapte-Sanziana-2.png 1065w\" sizes=\"(max-width: 1024px) 100vw, 1024px\" \/><\/figure>\n\n\n\n<p class=\"has-text-color has-medium-font-size\" style=\"color:#338cda\"> <strong>CREM\u0102<\/strong> <strong>DE NOAPTE<\/strong><\/p>\n\n\n\n<p class=\"has-sitka-black-color has-text-color\"><em><strong>&#8220;Se absoarbe foarte bine \u00een piele, o recomand&#8221;<\/strong> <\/em>&#8211; client\u0103 Vegis<\/p>\n\n\n\n<ul class=\"has-sitka-black-color has-text-color wp-block-list\">\n<li>hidrateaz\u0103 pielea;<\/li>\n\n\n\n<li>revitalizeaz\u0103 tenul.<\/li>\n<\/ul>\n\n\n<div class=\"wp-block-image\">\n<figure class=\"aligncenter\"><img loading=\"lazy\" decoding=\"async\" width=\"1024\" height=\"514\" src=\"https:\/\/vegis.ro\/blog\/wp-content\/uploads\/2019\/08\/crema-hidratanta-Sanziana-1024x514.png\" alt=\"\" class=\"wp-image-18180\" srcset=\"https:\/\/vegis.ro\/blog\/wp-content\/uploads\/2019\/08\/crema-hidratanta-Sanziana-1024x514.png 1024w, https:\/\/vegis.ro\/blog\/wp-content\/uploads\/2019\/08\/crema-hidratanta-Sanziana-300x151.png 300w, https:\/\/vegis.ro\/blog\/wp-content\/uploads\/2019\/08\/crema-hidratanta-Sanziana-768x386.png 768w, https:\/\/vegis.ro\/blog\/wp-content\/uploads\/2019\/08\/crema-hidratanta-Sanziana.png 1065w\" sizes=\"(max-width: 1024px) 100vw, 1024px\" \/><\/figure><\/div>\n\n\n<p class=\"has-text-color has-medium-font-size\" style=\"color:#882a5a\"><strong>CREM\u0102 HIDRATANT\u0102<\/strong> <\/p>\n\n\n\n<p class=\"has-sitka-black-color has-text-color\"><em><strong>&#8220;Este o crem\u0103 foarte bun\u0103, hidrateaz\u0103 pielea intens, o las\u0103 catifelat\u0103, tenul luminos, curat . O ador ! O pot aplica diminea\u021b\u0103 \u0219i seara , o pot aplica ca baz\u0103 la machiaj \u0219i cel mai important este c\u0103 este natural\u0103 100%. O recomand!&#8221;<\/strong><\/em><strong> <\/strong>&#8211; client\u0103 Vegis<\/p>\n\n\n\n<ul class=\"has-sitka-black-color has-text-color wp-block-list\">\n<li>\u00eembun\u0103t\u0103\u021be\u0219te elasticitatea tenului; <\/li>\n\n\n\n<li>poate fi utilizat\u0103 ca \u0219i crem\u0103 de zi \u0219i de noapte deopotriv\u0103. <\/li>\n<\/ul>\n\n\n\n<figure class=\"wp-block-image\"><img loading=\"lazy\" decoding=\"async\" width=\"1024\" height=\"514\" src=\"https:\/\/vegis.ro\/blog\/wp-content\/uploads\/2019\/08\/crema-de-maini-Sanziana-1-1024x514.png\" alt=\"\" class=\"wp-image-18184\" srcset=\"https:\/\/vegis.ro\/blog\/wp-content\/uploads\/2019\/08\/crema-de-maini-Sanziana-1-1024x514.png 1024w, https:\/\/vegis.ro\/blog\/wp-content\/uploads\/2019\/08\/crema-de-maini-Sanziana-1-300x151.png 300w, https:\/\/vegis.ro\/blog\/wp-content\/uploads\/2019\/08\/crema-de-maini-Sanziana-1-768x386.png 768w, https:\/\/vegis.ro\/blog\/wp-content\/uploads\/2019\/08\/crema-de-maini-Sanziana-1.png 1065w\" sizes=\"(max-width: 1024px) 100vw, 1024px\" \/><\/figure>\n\n\n\n<p class=\"has-text-color has-medium-font-size\" style=\"color:#53975e\"><strong>CREM\u0102 DE M\u00c2INI<\/strong><\/p>\n\n\n\n<p class=\"has-sitka-black-color has-text-color\"><em><strong>&#8220;Prima impresie a fost c\u0103 e cam scump\u0103\u2026 m-am r\u0103zg\u00e2ndit dup\u0103 c\u00e2teva zile c\u00e2nd am v\u0103zut cum au reac\u021bionat m\u00e2inile mele la crem\u0103&#8221;<\/strong><\/em> &#8211; client\u0103 Vegis <\/p>\n\n\n\n<ul class=\"has-sitka-black-color has-text-color wp-block-list\">\n<li>men\u021bine pielea hidratat\u0103;<\/li>\n\n\n\n<li>stimuleaz\u0103 regenerarea celular\u0103;<\/li>\n\n\n\n<li>previne \u00eemb\u0103tr\u00e2nirea pielii \u0219i formarea petelor aferente.<\/li>\n<\/ul>\n\n\n\n<p class=\"has-sitka-black-color has-text-color\"> \u021ai-a atras aten\u021bia \u00een mod special unul din produsele pe care le-am testat? Noile creme cu Antioxivita de la Prisaca Transilvania sunt disponibile online, pe <strong><a href=\"https:\/\/vegis.ro\/\" target=\"_blank\" rel=\"noreferrer noopener\" aria-label=\" (opens in a new tab)\">vegis.ro<\/a><\/strong>!  <\/p>\n\n\n\n<p class=\"has-text-align-center has-sitka-white-color has-text-color has-background\" style=\"background-color:#98c43d\"><strong>Afl\u0103 mai multe despre <a href=\"https:\/\/vegis.ro\/blog\/antioxivita-14-beneficii-fantastice-ale-celui-mai-puternic-antioxidant-romanesc\/\" target=\"_blank\" rel=\"noreferrer noopener\" style=\"color: #ffffff; text-decoration: none;\">Antioxivita &#8211; 14 beneficii fantastice ale celui mai puternic antioxidant rom\u00e2nesc<\/a><\/strong><\/p>\n\n\n<div class=\"wp-block-image\">\n<figure class=\"aligncenter\"><a href=\"https:\/\/vegis.ro\/prisaca-transilvania\/filtre\/cauta-sanziana\/\" target=\"_blank\" rel=\"noreferrer noopener\"><img loading=\"lazy\" decoding=\"async\" width=\"697\" height=\"391\" src=\"https:\/\/vegis.ro\/blog\/wp-content\/uploads\/2019\/08\/crema-antiacneica-Sanziana.png\" alt=\"\" class=\"wp-image-18168\" srcset=\"https:\/\/vegis.ro\/blog\/wp-content\/uploads\/2019\/08\/crema-antiacneica-Sanziana.png 697w, https:\/\/vegis.ro\/blog\/wp-content\/uploads\/2019\/08\/crema-antiacneica-Sanziana-300x168.png 300w\" sizes=\"(max-width: 697px) 100vw, 697px\" \/><\/a><\/figure><\/div>","protected":false},"excerpt":{"rendered":"<p>De cur\u00e2nd, produc\u0103torul rom\u00e2n Prisaca Transilvania ne-a uimit cu rebranding-ul gamei de cosmetice S\u00e2nziana, \u0219i spunem asta deoarece noile ambalaje sunt absolut \u00eenc\u00e2nt\u0103toare, cu ilustra\u021bii delicate din natur\u0103 \u00eentr-un joc viu de culori. Produsele pentru \u00eengrijire S\u00e2nziana sunt fabricate la Cluj, iar gama se concentreaz\u0103 \u00een special pe cele destinate \u00eengrijirii de zi cu zi a tenului, respectiv a tenului cu probleme. COSMETICE ROM\u00c2NE\u0218TI CU ANTIOXIVITA Cosmeticele S\u00e2nziana se remarc\u0103 mai ales prin compozi\u021bia de ingrediente (uleiuri naturale, vitamine, ap\u0103 termal\u0103, apicole) \u0219i faptul c\u0103 nu con\u021bin parabeni, coloran\u021bi sintetici, parafine, phenoxyethanol sau EDTA. Ingredientul cheie ce \u00eentr\u0103 \u00een compozi\u021bia fiec\u0103rui flacon \u0219i borc\u0103na\u0219 \u00een parte este Antioxivita, cunoscut ca cel mai puternic antioxidant natural rom\u00e2nesc. Ob\u021binut printr-o metod\u0103 brevetat\u0103 de ing. Simona Bi\u0219boac\u0103 \u0219i premiat cu medalia de aur la Salonul de Inventic\u0103 Mondial\u0103 [&hellip;]<\/p>\n","protected":false},"author":9,"featured_media":18194,"comment_status":"open","ping_status":"open","sticky":false,"template":"","format":"standard","meta":{"_acf_changed":false,"_eb_attr":"","footnotes":""},"categories":[312],"tags":[93],"class_list":["post-18162","post","type-post","status-publish","format-standard","has-post-thumbnail","hentry","category-remedii-si-tratamente-naturiste","tag-ingrijire-personala"],"acf":[],"yoast_head":"<!-- This site is optimized with the Yoast SEO plugin v27.5 - https:\/\/yoast.com\/product\/yoast-seo-wordpress\/ -->\n<title>S\u00e2nziana, cosmetice rom\u00e2ne\u0219ti cu Antioxivita [Rebranding &amp; review] - Vegis<\/title>\n<meta name=\"description\" content=\"Descopera mai multe despre \u279c S\u00e2nziana, cosmetice rom\u00e2ne\u0219ti cu Antioxivita [Rebranding &amp; review] \u2705\u27a4Citeste articolul pe vegis.ro\" \/>\n<meta name=\"robots\" content=\"noindex, follow\" \/>\n<meta property=\"og:locale\" content=\"en_US\" \/>\n<meta property=\"og:type\" content=\"article\" \/>\n<meta property=\"og:title\" content=\"S\u00e2nziana, cosmetice rom\u00e2ne\u0219ti cu Antioxivita [Rebranding &amp; review] - Vegis\" \/>\n<meta property=\"og:description\" content=\"Descopera mai multe despre \u279c S\u00e2nziana, cosmetice rom\u00e2ne\u0219ti cu Antioxivita [Rebranding &amp; review] \u2705\u27a4Citeste articolul pe vegis.ro\" \/>\n<meta property=\"og:url\" content=\"https:\/\/vegis.ro\/blog\/sanziana-cosmetice-romanesti-cu-antioxivita-rebranding-review\/\" \/>\n<meta property=\"og:site_name\" content=\"Natura la tine acas\u0103\" \/>\n<meta property=\"article:published_time\" content=\"2019-08-27T11:33:02+00:00\" \/>\n<meta property=\"article:modified_time\" content=\"2025-05-22T13:14:28+00:00\" \/>\n<meta property=\"og:image\" content=\"https:\/\/vegis.ro\/blog\/wp-content\/uploads\/2019\/08\/cosmetice-romanesti-Sanziana.png\" \/>\n\t<meta property=\"og:image:width\" content=\"900\" \/>\n\t<meta property=\"og:image:height\" content=\"600\" \/>\n\t<meta property=\"og:image:type\" content=\"image\/png\" \/>\n<meta name=\"author\" content=\"Alexandra\" \/>\n<meta name=\"twitter:card\" content=\"summary_large_image\" \/>\n<meta name=\"twitter:label1\" content=\"Written by\" \/>\n\t<meta name=\"twitter:data1\" content=\"Alexandra\" \/>\n\t<meta name=\"twitter:label2\" content=\"Est. reading time\" \/>\n\t<meta name=\"twitter:data2\" content=\"6 minutes\" \/>\n<script type=\"application\/ld+json\" class=\"yoast-schema-graph\">{\"@context\":\"https:\\\/\\\/schema.org\",\"@graph\":[{\"@type\":\"Article\",\"@id\":\"https:\\\/\\\/vegis.ro\\\/blog\\\/sanziana-cosmetice-romanesti-cu-antioxivita-rebranding-review\\\/#article\",\"isPartOf\":{\"@id\":\"https:\\\/\\\/vegis.ro\\\/blog\\\/sanziana-cosmetice-romanesti-cu-antioxivita-rebranding-review\\\/\"},\"author\":{\"name\":\"Alexandra\",\"@id\":\"https:\\\/\\\/vegis.ro\\\/blog\\\/#\\\/schema\\\/person\\\/52077e6ef6946be3dd8864533b94301f\"},\"headline\":\"S\u00e2nziana, cosmetice rom\u00e2ne\u0219ti cu Antioxivita [Rebranding &#038; review]\",\"datePublished\":\"2019-08-27T11:33:02+00:00\",\"dateModified\":\"2025-05-22T13:14:28+00:00\",\"mainEntityOfPage\":{\"@id\":\"https:\\\/\\\/vegis.ro\\\/blog\\\/sanziana-cosmetice-romanesti-cu-antioxivita-rebranding-review\\\/\"},\"wordCount\":1099,\"commentCount\":0,\"publisher\":{\"@id\":\"https:\\\/\\\/vegis.ro\\\/blog\\\/#organization\"},\"image\":{\"@id\":\"https:\\\/\\\/vegis.ro\\\/blog\\\/sanziana-cosmetice-romanesti-cu-antioxivita-rebranding-review\\\/#primaryimage\"},\"thumbnailUrl\":\"https:\\\/\\\/vegis.ro\\\/blog\\\/wp-content\\\/uploads\\\/2019\\\/08\\\/cosmetice-romanesti-Sanziana.png\",\"keywords\":[\"ingrijire personala\"],\"articleSection\":[\"Remedii si tratamente naturiste\"],\"inLanguage\":\"en-US\",\"potentialAction\":[{\"@type\":\"CommentAction\",\"name\":\"Comment\",\"target\":[\"https:\\\/\\\/vegis.ro\\\/blog\\\/sanziana-cosmetice-romanesti-cu-antioxivita-rebranding-review\\\/#respond\"]}]},{\"@type\":\"WebPage\",\"@id\":\"https:\\\/\\\/vegis.ro\\\/blog\\\/sanziana-cosmetice-romanesti-cu-antioxivita-rebranding-review\\\/\",\"url\":\"https:\\\/\\\/vegis.ro\\\/blog\\\/sanziana-cosmetice-romanesti-cu-antioxivita-rebranding-review\\\/\",\"name\":\"S\u00e2nziana, cosmetice rom\u00e2ne\u0219ti cu Antioxivita [Rebranding & review] - Vegis\",\"isPartOf\":{\"@id\":\"https:\\\/\\\/vegis.ro\\\/blog\\\/#website\"},\"primaryImageOfPage\":{\"@id\":\"https:\\\/\\\/vegis.ro\\\/blog\\\/sanziana-cosmetice-romanesti-cu-antioxivita-rebranding-review\\\/#primaryimage\"},\"image\":{\"@id\":\"https:\\\/\\\/vegis.ro\\\/blog\\\/sanziana-cosmetice-romanesti-cu-antioxivita-rebranding-review\\\/#primaryimage\"},\"thumbnailUrl\":\"https:\\\/\\\/vegis.ro\\\/blog\\\/wp-content\\\/uploads\\\/2019\\\/08\\\/cosmetice-romanesti-Sanziana.png\",\"datePublished\":\"2019-08-27T11:33:02+00:00\",\"dateModified\":\"2025-05-22T13:14:28+00:00\",\"description\":\"Descopera mai multe despre \u279c S\u00e2nziana, cosmetice rom\u00e2ne\u0219ti cu Antioxivita [Rebranding & review] \u2705\u27a4Citeste articolul pe vegis.ro\",\"breadcrumb\":{\"@id\":\"https:\\\/\\\/vegis.ro\\\/blog\\\/sanziana-cosmetice-romanesti-cu-antioxivita-rebranding-review\\\/#breadcrumb\"},\"inLanguage\":\"en-US\",\"potentialAction\":[{\"@type\":\"ReadAction\",\"target\":[\"https:\\\/\\\/vegis.ro\\\/blog\\\/sanziana-cosmetice-romanesti-cu-antioxivita-rebranding-review\\\/\"]}]},{\"@type\":\"ImageObject\",\"inLanguage\":\"en-US\",\"@id\":\"https:\\\/\\\/vegis.ro\\\/blog\\\/sanziana-cosmetice-romanesti-cu-antioxivita-rebranding-review\\\/#primaryimage\",\"url\":\"https:\\\/\\\/vegis.ro\\\/blog\\\/wp-content\\\/uploads\\\/2019\\\/08\\\/cosmetice-romanesti-Sanziana.png\",\"contentUrl\":\"https:\\\/\\\/vegis.ro\\\/blog\\\/wp-content\\\/uploads\\\/2019\\\/08\\\/cosmetice-romanesti-Sanziana.png\",\"width\":900,\"height\":600,\"caption\":\"cosmetice romanesti Sanziana\"},{\"@type\":\"BreadcrumbList\",\"@id\":\"https:\\\/\\\/vegis.ro\\\/blog\\\/sanziana-cosmetice-romanesti-cu-antioxivita-rebranding-review\\\/#breadcrumb\",\"itemListElement\":[{\"@type\":\"ListItem\",\"position\":1,\"name\":\"Vegis.ro\",\"item\":\"https:\\\/\\\/vegis.ro\\\/blog\\\/\"},{\"@type\":\"ListItem\",\"position\":2,\"name\":\"S\u00e2nziana, cosmetice rom\u00e2ne\u0219ti cu Antioxivita [Rebranding &#038; review]\"}]},{\"@type\":\"WebSite\",\"@id\":\"https:\\\/\\\/vegis.ro\\\/blog\\\/#website\",\"url\":\"https:\\\/\\\/vegis.ro\\\/blog\\\/\",\"name\":\"Natura la tine acas\u0103\",\"description\":\"Blogul Vegis.ro\",\"publisher\":{\"@id\":\"https:\\\/\\\/vegis.ro\\\/blog\\\/#organization\"},\"potentialAction\":[{\"@type\":\"SearchAction\",\"target\":{\"@type\":\"EntryPoint\",\"urlTemplate\":\"https:\\\/\\\/vegis.ro\\\/blog\\\/?s={search_term_string}\"},\"query-input\":{\"@type\":\"PropertyValueSpecification\",\"valueRequired\":true,\"valueName\":\"search_term_string\"}}],\"inLanguage\":\"en-US\"},{\"@type\":\"Organization\",\"@id\":\"https:\\\/\\\/vegis.ro\\\/blog\\\/#organization\",\"name\":\"Natura la tine acas\u0103\",\"url\":\"https:\\\/\\\/vegis.ro\\\/blog\\\/\",\"logo\":{\"@type\":\"ImageObject\",\"inLanguage\":\"en-US\",\"@id\":\"https:\\\/\\\/vegis.ro\\\/blog\\\/#\\\/schema\\\/logo\\\/image\\\/\",\"url\":\"https:\\\/\\\/vegis.ro\\\/blog\\\/wp-content\\\/uploads\\\/2018\\\/01\\\/logo-vegis.png\",\"contentUrl\":\"https:\\\/\\\/vegis.ro\\\/blog\\\/wp-content\\\/uploads\\\/2018\\\/01\\\/logo-vegis.png\",\"width\":254,\"height\":85,\"caption\":\"Natura la tine acas\u0103\"},\"image\":{\"@id\":\"https:\\\/\\\/vegis.ro\\\/blog\\\/#\\\/schema\\\/logo\\\/image\\\/\"}},{\"@type\":\"Person\",\"@id\":\"https:\\\/\\\/vegis.ro\\\/blog\\\/#\\\/schema\\\/person\\\/52077e6ef6946be3dd8864533b94301f\",\"name\":\"Alexandra\",\"image\":{\"@type\":\"ImageObject\",\"inLanguage\":\"en-US\",\"@id\":\"https:\\\/\\\/secure.gravatar.com\\\/avatar\\\/c02ca594fbbed5d720b786544a07658b107612943de4f36dbb9d56214b5c0290?s=96&d=identicon&r=g\",\"url\":\"https:\\\/\\\/secure.gravatar.com\\\/avatar\\\/c02ca594fbbed5d720b786544a07658b107612943de4f36dbb9d56214b5c0290?s=96&d=identicon&r=g\",\"contentUrl\":\"https:\\\/\\\/secure.gravatar.com\\\/avatar\\\/c02ca594fbbed5d720b786544a07658b107612943de4f36dbb9d56214b5c0290?s=96&d=identicon&r=g\",\"caption\":\"Alexandra\"},\"description\":\"Iubitor al cuvintelor scrise pe care le a\u0219tern online de c\u00e2\u021biva ani \u0219i le citesc \u00eenc\u0103 din copil\u0103rie. Explorator al naturii, pasionat de mi\u0219care, cadrele foto perfecte \u0219i romanele poli\u021biste.\",\"url\":\"https:\\\/\\\/vegis.ro\\\/blog\\\/author\\\/alexandra\\\/\"}]}<\/script>\n<!-- \/ Yoast SEO plugin. -->","yoast_head_json":{"title":"S\u00e2nziana, cosmetice rom\u00e2ne\u0219ti cu Antioxivita [Rebranding & review] - Vegis","description":"Descopera mai multe despre \u279c S\u00e2nziana, cosmetice rom\u00e2ne\u0219ti cu Antioxivita [Rebranding & review] \u2705\u27a4Citeste articolul pe vegis.ro","robots":{"index":"noindex","follow":"follow"},"og_locale":"en_US","og_type":"article","og_title":"S\u00e2nziana, cosmetice rom\u00e2ne\u0219ti cu Antioxivita [Rebranding & review] - Vegis","og_description":"Descopera mai multe despre \u279c S\u00e2nziana, cosmetice rom\u00e2ne\u0219ti cu Antioxivita [Rebranding & review] \u2705\u27a4Citeste articolul pe vegis.ro","og_url":"https:\/\/vegis.ro\/blog\/sanziana-cosmetice-romanesti-cu-antioxivita-rebranding-review\/","og_site_name":"Natura la tine acas\u0103","article_published_time":"2019-08-27T11:33:02+00:00","article_modified_time":"2025-05-22T13:14:28+00:00","og_image":[{"width":900,"height":600,"url":"https:\/\/vegis.ro\/blog\/wp-content\/uploads\/2019\/08\/cosmetice-romanesti-Sanziana.png","type":"image\/png"}],"author":"Alexandra","twitter_card":"summary_large_image","twitter_misc":{"Written by":"Alexandra","Est. reading time":"6 minutes"},"schema":{"@context":"https:\/\/schema.org","@graph":[{"@type":"Article","@id":"https:\/\/vegis.ro\/blog\/sanziana-cosmetice-romanesti-cu-antioxivita-rebranding-review\/#article","isPartOf":{"@id":"https:\/\/vegis.ro\/blog\/sanziana-cosmetice-romanesti-cu-antioxivita-rebranding-review\/"},"author":{"name":"Alexandra","@id":"https:\/\/vegis.ro\/blog\/#\/schema\/person\/52077e6ef6946be3dd8864533b94301f"},"headline":"S\u00e2nziana, cosmetice rom\u00e2ne\u0219ti cu Antioxivita [Rebranding &#038; review]","datePublished":"2019-08-27T11:33:02+00:00","dateModified":"2025-05-22T13:14:28+00:00","mainEntityOfPage":{"@id":"https:\/\/vegis.ro\/blog\/sanziana-cosmetice-romanesti-cu-antioxivita-rebranding-review\/"},"wordCount":1099,"commentCount":0,"publisher":{"@id":"https:\/\/vegis.ro\/blog\/#organization"},"image":{"@id":"https:\/\/vegis.ro\/blog\/sanziana-cosmetice-romanesti-cu-antioxivita-rebranding-review\/#primaryimage"},"thumbnailUrl":"https:\/\/vegis.ro\/blog\/wp-content\/uploads\/2019\/08\/cosmetice-romanesti-Sanziana.png","keywords":["ingrijire personala"],"articleSection":["Remedii si tratamente naturiste"],"inLanguage":"en-US","potentialAction":[{"@type":"CommentAction","name":"Comment","target":["https:\/\/vegis.ro\/blog\/sanziana-cosmetice-romanesti-cu-antioxivita-rebranding-review\/#respond"]}]},{"@type":"WebPage","@id":"https:\/\/vegis.ro\/blog\/sanziana-cosmetice-romanesti-cu-antioxivita-rebranding-review\/","url":"https:\/\/vegis.ro\/blog\/sanziana-cosmetice-romanesti-cu-antioxivita-rebranding-review\/","name":"S\u00e2nziana, cosmetice rom\u00e2ne\u0219ti cu Antioxivita [Rebranding & review] - Vegis","isPartOf":{"@id":"https:\/\/vegis.ro\/blog\/#website"},"primaryImageOfPage":{"@id":"https:\/\/vegis.ro\/blog\/sanziana-cosmetice-romanesti-cu-antioxivita-rebranding-review\/#primaryimage"},"image":{"@id":"https:\/\/vegis.ro\/blog\/sanziana-cosmetice-romanesti-cu-antioxivita-rebranding-review\/#primaryimage"},"thumbnailUrl":"https:\/\/vegis.ro\/blog\/wp-content\/uploads\/2019\/08\/cosmetice-romanesti-Sanziana.png","datePublished":"2019-08-27T11:33:02+00:00","dateModified":"2025-05-22T13:14:28+00:00","description":"Descopera mai multe despre \u279c S\u00e2nziana, cosmetice rom\u00e2ne\u0219ti cu Antioxivita [Rebranding & review] \u2705\u27a4Citeste articolul pe vegis.ro","breadcrumb":{"@id":"https:\/\/vegis.ro\/blog\/sanziana-cosmetice-romanesti-cu-antioxivita-rebranding-review\/#breadcrumb"},"inLanguage":"en-US","potentialAction":[{"@type":"ReadAction","target":["https:\/\/vegis.ro\/blog\/sanziana-cosmetice-romanesti-cu-antioxivita-rebranding-review\/"]}]},{"@type":"ImageObject","inLanguage":"en-US","@id":"https:\/\/vegis.ro\/blog\/sanziana-cosmetice-romanesti-cu-antioxivita-rebranding-review\/#primaryimage","url":"https:\/\/vegis.ro\/blog\/wp-content\/uploads\/2019\/08\/cosmetice-romanesti-Sanziana.png","contentUrl":"https:\/\/vegis.ro\/blog\/wp-content\/uploads\/2019\/08\/cosmetice-romanesti-Sanziana.png","width":900,"height":600,"caption":"cosmetice romanesti Sanziana"},{"@type":"BreadcrumbList","@id":"https:\/\/vegis.ro\/blog\/sanziana-cosmetice-romanesti-cu-antioxivita-rebranding-review\/#breadcrumb","itemListElement":[{"@type":"ListItem","position":1,"name":"Vegis.ro","item":"https:\/\/vegis.ro\/blog\/"},{"@type":"ListItem","position":2,"name":"S\u00e2nziana, cosmetice rom\u00e2ne\u0219ti cu Antioxivita [Rebranding &#038; review]"}]},{"@type":"WebSite","@id":"https:\/\/vegis.ro\/blog\/#website","url":"https:\/\/vegis.ro\/blog\/","name":"Natura la tine acas\u0103","description":"Blogul Vegis.ro","publisher":{"@id":"https:\/\/vegis.ro\/blog\/#organization"},"potentialAction":[{"@type":"SearchAction","target":{"@type":"EntryPoint","urlTemplate":"https:\/\/vegis.ro\/blog\/?s={search_term_string}"},"query-input":{"@type":"PropertyValueSpecification","valueRequired":true,"valueName":"search_term_string"}}],"inLanguage":"en-US"},{"@type":"Organization","@id":"https:\/\/vegis.ro\/blog\/#organization","name":"Natura la tine acas\u0103","url":"https:\/\/vegis.ro\/blog\/","logo":{"@type":"ImageObject","inLanguage":"en-US","@id":"https:\/\/vegis.ro\/blog\/#\/schema\/logo\/image\/","url":"https:\/\/vegis.ro\/blog\/wp-content\/uploads\/2018\/01\/logo-vegis.png","contentUrl":"https:\/\/vegis.ro\/blog\/wp-content\/uploads\/2018\/01\/logo-vegis.png","width":254,"height":85,"caption":"Natura la tine acas\u0103"},"image":{"@id":"https:\/\/vegis.ro\/blog\/#\/schema\/logo\/image\/"}},{"@type":"Person","@id":"https:\/\/vegis.ro\/blog\/#\/schema\/person\/52077e6ef6946be3dd8864533b94301f","name":"Alexandra","image":{"@type":"ImageObject","inLanguage":"en-US","@id":"https:\/\/secure.gravatar.com\/avatar\/c02ca594fbbed5d720b786544a07658b107612943de4f36dbb9d56214b5c0290?s=96&d=identicon&r=g","url":"https:\/\/secure.gravatar.com\/avatar\/c02ca594fbbed5d720b786544a07658b107612943de4f36dbb9d56214b5c0290?s=96&d=identicon&r=g","contentUrl":"https:\/\/secure.gravatar.com\/avatar\/c02ca594fbbed5d720b786544a07658b107612943de4f36dbb9d56214b5c0290?s=96&d=identicon&r=g","caption":"Alexandra"},"description":"Iubitor al cuvintelor scrise pe care le a\u0219tern online de c\u00e2\u021biva ani \u0219i le citesc \u00eenc\u0103 din copil\u0103rie. Explorator al naturii, pasionat de mi\u0219care, cadrele foto perfecte \u0219i romanele poli\u021biste.","url":"https:\/\/vegis.ro\/blog\/author\/alexandra\/"}]}},"_links":{"self":[{"href":"https:\/\/vegis.ro\/blog\/wp-json\/wp\/v2\/posts\/18162","targetHints":{"allow":["GET"]}}],"collection":[{"href":"https:\/\/vegis.ro\/blog\/wp-json\/wp\/v2\/posts"}],"about":[{"href":"https:\/\/vegis.ro\/blog\/wp-json\/wp\/v2\/types\/post"}],"author":[{"embeddable":true,"href":"https:\/\/vegis.ro\/blog\/wp-json\/wp\/v2\/users\/9"}],"replies":[{"embeddable":true,"href":"https:\/\/vegis.ro\/blog\/wp-json\/wp\/v2\/comments?post=18162"}],"version-history":[{"count":0,"href":"https:\/\/vegis.ro\/blog\/wp-json\/wp\/v2\/posts\/18162\/revisions"}],"wp:featuredmedia":[{"embeddable":true,"href":"https:\/\/vegis.ro\/blog\/wp-json\/wp\/v2\/media\/18194"}],"wp:attachment":[{"href":"https:\/\/vegis.ro\/blog\/wp-json\/wp\/v2\/media?parent=18162"}],"wp:term":[{"taxonomy":"category","embeddable":true,"href":"https:\/\/vegis.ro\/blog\/wp-json\/wp\/v2\/categories?post=18162"},{"taxonomy":"post_tag","embeddable":true,"href":"https:\/\/vegis.ro\/blog\/wp-json\/wp\/v2\/tags?post=18162"}],"curies":[{"name":"wp","href":"https:\/\/api.w.org\/{rel}","templated":true}]}}