{"id":1138,"date":"2013-06-07T10:22:55","date_gmt":"2013-06-07T07:22:55","guid":{"rendered":"http:\/\/blog.vegis.ro\/?p=1138"},"modified":"2020-07-28T10:41:17","modified_gmt":"2020-07-28T07:41:17","slug":"aloe-vera","status":"publish","type":"post","link":"https:\/\/vegis.ro\/blog\/aloe-vera\/","title":{"rendered":"Descoper\u0103 propriet\u0103\u021bile \u0219i beneficiile plantei de aloe vera!"},"content":{"rendered":"\n<p>Exist\u0103 peste 300 de specii ale plantei de aloe, \u00eens\u0103 aloe vera, denumit\u0103 botanic <em>Aloe barbadensis miller<\/em>, este cea mai cunoscut\u0103 \u0219i apreciat\u0103 \u00een \u00eentreaga lume datorit\u0103 propriet\u0103\u021bilor sale terapeutice. <\/p>\n\n\n\n<p>Acum 2000 de ani, grecii numeau aceast\u0103 plant\u0103 panaceu, \u00een timp ce pentru egipteni era planta imortalit\u0103\u021bii. De-a lungul timpului, aloe vera a fost folosit\u0103 \u00een scopuri medicinale \u00een mai multe culturi: greac\u0103, egiptean\u0103, indian\u0103, mexican\u0103, japonez\u0103 \u0219i chinez\u0103. \u0218i ast\u0103zi are utiliz\u0103ri multiple at\u00e2t \u00een medicin\u0103, c\u00e2t \u0219i \u00een cosmetic\u0103. <\/p>\n\n\n\n<p style=\"background-color:#517964\" class=\"has-text-color has-background has-text-align-center has-medium-font-size has-sitka-white-color\"><strong>CUM ARAT\u0102 \u0218I UNDE SE CULTIV\u0102<\/strong><\/p>\n\n\n\n<div class=\"wp-block-image\"><figure class=\"aligncenter size-large\"><img fetchpriority=\"high\" decoding=\"async\" width=\"780\" height=\"429\" src=\"https:\/\/vegis.ro\/blog\/wp-content\/uploads\/2020\/07\/aloe-vera.png\" alt=\"aloe vera\" class=\"wp-image-20094\" srcset=\"https:\/\/vegis.ro\/blog\/wp-content\/uploads\/2020\/07\/aloe-vera.png 780w, https:\/\/vegis.ro\/blog\/wp-content\/uploads\/2020\/07\/aloe-vera-300x165.png 300w, https:\/\/vegis.ro\/blog\/wp-content\/uploads\/2020\/07\/aloe-vera-768x422.png 768w\" sizes=\"(max-width: 780px) 100vw, 780px\" \/><\/figure><\/div>\n\n\n\n<p>Aloe vera cre\u0219te mai ales \u00een regiunile uscate ale Africii, Asiei, Americii \u0219i Europei. Aceast\u0103 plant\u0103 peren\u0103, xerofit\u0103 \u0219i suculent\u0103 are frunze triunghiulare, c\u0103rnoase \u0219i margini zim\u021bate. Florile sunt galbene, iar fructele au numeroase semin\u021be.<\/p>\n\n\n\n<p>Fiecare frunz\u0103 este compus\u0103 din trei straturi: la interior se g\u0103se\u0219te un gel limpede care con\u021bine 99% ap\u0103, aminoacizi, lipide, steroli \u0219i vitamine; stratul din mijloc este format din latex \u0219i con\u021bine antrachinone \u0219i glicozide; stratul exterior este reprezentat de 15-20 celule cu rol protector. <\/p>\n\n\n\n<p style=\"background-color:#517964\" class=\"has-text-color has-background has-text-align-center has-medium-font-size has-sitka-white-color\"><strong>PROPRIET\u0102\u021aI&nbsp;ALOE VERA<\/strong> <\/p>\n\n\n\n<p><a rel=\"noreferrer noopener\" href=\"https:\/\/vegis.ro\/remedii-unguente-geluri-solutii\/optima\/32595-gel-cu-aloe-vera-si-vitaminele-a-c-si-e-200ml\/\" target=\"_blank\">Aloe vera<\/a> este cunoscut\u0103 pentru propriet\u0103\u021bile sale antibacteriene, antivirale \u0219i antiseptice, fiind recomandat\u0103 at\u00e2t pentru uz intern, c\u00e2t \u0219i pentru uz extern. <\/p>\n\n\n\n<p>Gelul ob\u021binut din frunze con\u021bine antioxidan\u021bi puternici care apar\u021bin unei familii de substan\u021be cunoscute sub numele de polifenoli. Ace\u0219tia, al\u0103turi de al\u021bi compu\u0219i, \u00eempiedic\u0103 dezvoltarea anumitor bacterii care cauzeaz\u0103 infec\u021bii la nivelul organismului. <\/p>\n\n\n\n<p style=\"background-color:#517964\" class=\"has-text-color has-background has-text-align-center has-medium-font-size has-sitka-white-color\"><strong>CE SUBSTAN\u021aE ACTIVE CON\u021aINE ALOE VERA<\/strong> <\/p>\n\n\n\n<div class=\"wp-block-image\"><figure class=\"aligncenter size-large\"><img decoding=\"async\" width=\"780\" height=\"429\" src=\"https:\/\/vegis.ro\/blog\/wp-content\/uploads\/2020\/07\/aloe-vera-1.png\" alt=\"aloe vera\" class=\"wp-image-20107\" srcset=\"https:\/\/vegis.ro\/blog\/wp-content\/uploads\/2020\/07\/aloe-vera-1.png 780w, https:\/\/vegis.ro\/blog\/wp-content\/uploads\/2020\/07\/aloe-vera-1-300x165.png 300w, https:\/\/vegis.ro\/blog\/wp-content\/uploads\/2020\/07\/aloe-vera-1-768x422.png 768w\" sizes=\"(max-width: 780px) 100vw, 780px\" \/><\/figure><\/div>\n\n\n\n<p>Aloe vera con\u021bine 75 de substan\u021be active: vitamine, enzime, minerale, zaharuri, lignine, saponine, acizi salicilici \u0219i aminoacizi.<\/p>\n\n\n\n<ul class=\"wp-block-list\"><li><strong><em>Vitamine<\/em><\/strong><\/li><\/ul>\n\n\n\n<p>\u00cen compozi\u021bia plantei se g\u0103sesc vitaminele A, C \u0219i E ce au rol antioxidant. Con\u021bine, de asemenea, vitamina B12, acid folic \u0219i colin\u0103. Antioxidan\u021bii contribuie la neutralizarea radicalilor liberi din corp care \u00eemb\u0103tr\u00e2nesc prematur organismul \u0219i pot duce la apari\u021bia bolilor cronice.<\/p>\n\n\n\n<ul class=\"wp-block-list\"><li><strong><em>Minerale<\/em><\/strong><\/li><\/ul>\n\n\n\n<p>Planta este o surs\u0103 bun\u0103 de calciu crom, cupru, seleniu, magneziu, mangan, potasiu, sodiu \u0219i zinc. Toate aceste minerale sunt esen\u021biale pentru buna func\u021bionare a mai multor tipuri de enzime care lucreaz\u0103 \u00een diferite moduri la nivelul sistemului metabolic, iar c\u00e2teva dintre aceste au \u0219i rol antioxidant.<\/p>\n\n\n\n<ul class=\"wp-block-list\"><li><strong><em>Enzime<\/em><\/strong><\/li><\/ul>\n\n\n\n<p>\u00cen compozi\u021bia aloei se g\u0103sesc 8 enzime importante pentru organism. S-a descoperit c\u0103 una dintre acestea ajut\u0103 la reducerea inflama\u021biilor din corp c\u00e2nd planta este folosit\u0103 pentru uz extern, \u00een timp ce altele previn depunerile de zaharuri \u0219i gr\u0103simi \u00een organism.<\/p>\n\n\n\n<ul class=\"wp-block-list\"><li><strong><em>Compu\u0219i fenolici<\/em><\/strong><\/li><\/ul>\n\n\n\n<p>Alte substan\u021be active din compozi\u021bie sunt antrachinonele, compu\u0219i fenolici cunoscu\u021bi pentru propriet\u0103\u021bile laxative. \u00cen plus, aloina \u0219i emodina au efecte analgezice, antibacteriene \u0219i antivirale.<\/p>\n\n\n\n<ul class=\"wp-block-list\"><li><strong><em>Acizi gra\u0219i<\/em><\/strong><\/li><\/ul>\n\n\n\n<p>Cei 4 acizi gra\u0219i prezen\u021bi \u00een <a href=\"https:\/\/vegis.ro\/suplimente-capsule-comprimate\/cosmopharm\/3687-aloe-vera-30cps\/\" target=\"_blank\" rel=\"noreferrer noopener\">aloe vera<\/a> ac\u021bioneaz\u0103 asupra inflama\u021biilor din corp, iar doi dintre ace\u0219tia au \u0219i efecte antiseptice \u0219i analgezice.<\/p>\n\n\n\n<ul class=\"wp-block-list\"><li><strong><em>Aminoacizi<\/em><\/strong><\/li><\/ul>\n\n\n\n<p>Dintre cei 22 aminoacizi de care are nevoie corpul, 20 se g\u0103sesc \u00een planta de Aloe vera, la fel \u0219i 7 din cei 8 amninoacizi esen\u021biali, importan\u021bi pentru organism. <\/p>\n\n\n\n<p style=\"background-color:#517964\" class=\"has-text-color has-background has-text-align-center has-medium-font-size has-sitka-white-color\"><strong>CUM AC\u021aIONEAZ\u0102 \u00ceN ORGANISM<\/strong><\/p>\n\n\n\n<div class=\"wp-block-image\"><figure class=\"aligncenter size-large\"><img decoding=\"async\" width=\"780\" height=\"429\" src=\"https:\/\/vegis.ro\/blog\/wp-content\/uploads\/2020\/07\/beneficii-aloe-vera-1.png\" alt=\"beneficii aloe vera\" class=\"wp-image-20098\" srcset=\"https:\/\/vegis.ro\/blog\/wp-content\/uploads\/2020\/07\/beneficii-aloe-vera-1.png 780w, https:\/\/vegis.ro\/blog\/wp-content\/uploads\/2020\/07\/beneficii-aloe-vera-1-300x165.png 300w, https:\/\/vegis.ro\/blog\/wp-content\/uploads\/2020\/07\/beneficii-aloe-vera-1-768x422.png 768w\" sizes=\"(max-width: 780px) 100vw, 780px\" \/><\/figure><\/div>\n\n\n\n<ul class=\"wp-block-list\"><li><strong><em>\u00cembun\u0103t\u0103\u021be\u0219te memoria \u0219i starea de spirit<\/em><\/strong><\/li><\/ul>\n\n\n\n<p>Un studiu realizat de cercet\u0103torii de la Universitatea de \u0218tiin\u021be Medicale din Delhi, India, arat\u0103 efecte benefice ale plantei asupra psihicului \u0219i a creierului. \u00cen urma experimentelor realizate pe \u0219oareci de laborator, speciali\u0219tii au ajuns la concluzia c\u0103 administrarea extractului de aloe vera cre\u0219te capacitatea de \u00eenv\u0103\u021bare \u0219i memorare \u0219i amelioreaz\u0103 simptomele depresiei. <\/p>\n\n\n\n<ul class=\"wp-block-list\"><li><strong><em>Amelioreaz\u0103 arsurile gastrice<\/em><\/strong><\/li><\/ul>\n\n\n\n<p>Refluxul gastroesofagian este o afec\u021biune digestiv\u0103 care se manifest\u0103 adesea prin arsuri gastrice. Studii efectuate de-a lungul timpului arat\u0103 c\u0103 un consum constant de gel de aloe vera \u00eenainte de mas\u0103, \u00eentre 28 \u0219i 88 ml, ajut\u0103 la reducerea intensit\u0103\u021bii arsurilor. Poate ajuta \u0219i la ameliorarea altor probleme digestive. Planta este considerat\u0103 a fi sigur\u0103 pentru consum \u0219i un remediu bl\u00e2nd pentru arsurile gastrice. <\/p>\n\n\n\n<ul class=\"wp-block-list\"><li><strong><em>Combate constipa\u021bia<\/em><\/strong><\/li><\/ul>\n\n\n\n<p>Aloe vera s-a dovedit a fi util\u0103 \u0219i \u00een caz de constipa\u021bie. Acest efect benefic se datoreaz\u0103 latexului prezent \u00een stratul din mijloc al frunzelor de aloe. Speciali\u0219tii de la Centrul Medical Academic Mayo Clinic din America recomand\u0103 ca gelul sau sucul de aloe vera s\u0103 se consume \u00een doze mici, iar dac\u0103 exist\u0103 \u0219i alte probleme de s\u0103n\u0103tate precum boala Crohn, colite sau hemoroizi, nu ar trebuie s\u0103 se foloseac\u0103 aloe vera \u00eempotriva constipa\u021biei. Poate cauza crampe abdominale severe \u0219i diaree. <\/p>\n\n\n\n<p><strong><em>Ce spun alte studii efectuate<\/em><\/strong><\/p>\n\n\n\n<p>Studii efectuate \u00een diferite col\u021buri ale lumii scot \u00een eviden\u021b\u0103 \u0219i alte efecte benefice ale aloei vera asupra organismului.<\/p>\n\n\n\n<p>Speciali\u0219tii din cadrul Universit\u0103\u021bii Mahidol din Thailanda au descoperit c\u0103 administrarea zilnic\u0103 a dou\u0103 linguri de suc din aceast\u0103 plant\u0103 ajut\u0103 la sc\u0103derea nivelului de zah\u0103r din s\u00e2nge, \u021bin\u00e2nd sub control diabetul, o afec\u021biune ce poate declan\u0219a \u0219i alte probleme de s\u0103n\u0103tate.<\/p>\n\n\n\n<p>Pe de alt\u0103 parte, cercet\u0103torii de la Universitatea Las Palmas de Gran Canaria din Spania sus\u021bin c\u0103 at\u00e2t extractul ob\u021binut din frunzele de aloe vera, c\u00e2t \u0219i cel rezultat din florile acestei plante au efecte antioxidante \u0219i ac\u021bioneaz\u0103 \u00eempotriva Mycoplasmei, o bacterie care poate duce la apari\u021bia mai multor probleme urogenitale: boal\u0103 inflamatorie pelvin\u0103, sterilitate, avort septic, uretrite sau vaginite. <\/p>\n\n\n\n<p style=\"background-color:#517964\" class=\"has-text-color has-background has-text-align-center has-medium-font-size has-sitka-white-color\"><strong>CUM FOLOSIM ALOE VERA<\/strong> <\/p>\n\n\n\n<p><a href=\"https:\/\/vegis.ro\/acnee-tratamente\/nature-s-way\/5019-aloe-vera-gel-juice-1l\/\">Gelul de aloe vera<\/a> se folose\u0219te at\u00e2t intern, c\u00e2t \u0219i extern. Pentru uz intern, gelul de aloe vera poate fi consumat ca atare sau \u00een combina\u021bie cu smoothie-uri ori sucuri naturale.<\/p>\n\n\n\n<p>Extern, po\u021bi aplica gelul direct pe piele sau \u00eel po\u021bi folosi \u00een combina\u021bie cu alte ingrediente, sub form\u0103 de masc\u0103, scrub sau <a href=\"https:\/\/vegis.ro\/remedii-unguente-geluri-solutii\/fytofontana\/21141-spray-cu-aloe-vera-200ml\/\">spray<\/a> de cur\u0103\u021bare a tenului.<\/p>\n\n\n\n<p>Frunzele sunt \u0219i ele indicate pentru consum, dar \u0219i pentru men\u021binerea s\u0103n\u0103t\u0103\u021bii pielii. Pot fi consumate ca atare, \u00een smoothie-uri sau \u00een combina\u021bie cu alimente precum hummus. Frunzele de aloe, t\u0103iate \u00een buc\u0103\u021bi mici, se pot ad\u0103uga \u0219i la salate, f\u0103r\u0103 a le schimba gustul.<\/p>\n\n\n\n<p>Extern, con\u021binutul gelatinos al frunzelor poate fi aplicat pe r\u0103ni sau arsuri, \u00eentruc\u00e2t ajut\u0103 la repararea pielii. <\/p>\n\n\n\n<p style=\"background-color:#517964\" class=\"has-text-color has-background has-text-align-center has-medium-font-size has-sitka-white-color\"><strong>ALOE VERA \u00ceN COSMETIC\u0102<\/strong> <\/p>\n\n\n\n<figure class=\"wp-block-image size-large\"><img loading=\"lazy\" decoding=\"async\" width=\"780\" height=\"429\" src=\"https:\/\/vegis.ro\/blog\/wp-content\/uploads\/2020\/07\/masti-cu-aloe-vera.png\" alt=\"masti homemade cu aloe vera\" class=\"wp-image-20104\" srcset=\"https:\/\/vegis.ro\/blog\/wp-content\/uploads\/2020\/07\/masti-cu-aloe-vera.png 780w, https:\/\/vegis.ro\/blog\/wp-content\/uploads\/2020\/07\/masti-cu-aloe-vera-300x165.png 300w, https:\/\/vegis.ro\/blog\/wp-content\/uploads\/2020\/07\/masti-cu-aloe-vera-768x422.png 768w\" sizes=\"(max-width: 780px) 100vw, 780px\" \/><\/figure>\n\n\n\n<p>Extractul de aloe vera este un ingredient des \u00eent\u00e2lnit \u00een produsele cosmetice, deoarece are numeroase beneficii asupra pielii. Gelul ob\u021binut din aceast\u0103 plant\u0103 protejeaz\u0103 pielea de efectele nocive ale radia\u021biilor gamma.<\/p>\n\n\n\n<p>\u00cen plus, aloe vera men\u021bine hidratarea pielii \u0219i stimuleaz\u0103 fibroblastele care produc colagen \u0219i fibrele de elastin\u0103 pentru a cre\u0219te elasticitatea pielii, ajut\u00e2nd astfel la estomparea ridurilor.<\/p>\n\n\n\n<p>Testele clinice realizate pe oameni arat\u0103 c\u0103 poate fi folosit\u0103 cu succes \u00een tratamentul mai multor afec\u021biuni de piele precum dermatit\u0103 seboreic\u0103, psoriazis \u0219i acnee. <\/p>\n\n\n\n<p style=\"background-color:#517964\" class=\"has-text-color has-background has-text-align-center has-medium-font-size has-sitka-white-color\"><strong>CONTRAINDICA\u021aII<\/strong> <\/p>\n\n\n\n<p>Gelul de aloe aplicat pe piele poate cauza uneori ro\u0219ea\u021b\u0103, arsuri \u0219i, rareori, poate duce la apari\u021bia dermatitei. Reac\u021biile alergice sunt date de antrachinonele prezente \u00een frunze. Dac\u0103 se folose\u0219te pentru prima dat\u0103, este indicat s\u0103 se aplice mai \u00eent\u00e2i pe o mic\u0103 por\u021biune de piele pentru a se observa eventualele reac\u021biile alergice.<\/p>\n\n\n\n<p>Administrat pe cale oral\u0103, gelul poate duce la apari\u021bia mai multor simptome \u0219i probleme de s\u0103n\u0103tate precum crampe abdominale, diaree, urin\u0103 ro\u0219ie, hepatite, agravarea constipa\u021biei. Efectul laxativ poate cauza un dezechilibru al electroli\u021bilor din organism.<\/p>\n\n\n\n<p>\u00cen cazul femeilor \u00eens\u0103rcinate \u0219i al mamelor care al\u0103pteaz\u0103, nu se recomand\u0103 consumul. \u00cen timpul sarcinii poate cauza contrac\u021bii uterine, iar \u00een timpul al\u0103pt\u0103rii poate duce la apari\u021bia unor probleme digestive la bebelu\u0219i.<\/p>\n\n\n\n<p>Aloe vera interac\u021bioneaz\u0103 \u0219i cu anumite medicamente. C\u00e2nd este folosit\u0103 pentru uzul extern \u00een timp ce se utilizeaz\u0103 \u0219i creme cu steroizi favorizeaz\u0103 absorb\u021bia hidrocortizonului prezent \u00een aceste produse. Utilizat\u0103 intern, scade nivelul zah\u0103rului din s\u00e2nge, ceea ce \u00eenseamn\u0103 c\u0103 poate interac\u021biona cu medicamentele hipoglicemice \u0219i cu cele pentru reglarea insulinei. <\/p>\n\n\n\n<p style=\"background-color:#517964\" class=\"has-text-color has-background has-text-align-center has-medium-font-size has-sitka-white-color\"><strong>RE\u021aETE CU ALOE VERA<\/strong><\/p>\n\n\n\n<p class=\"has-medium-font-size\"><strong><em>Smoothie cu aloe vera, c\u0103p\u0219uni \u0219i lapte de cocos<\/em><\/strong> <\/p>\n\n\n\n<div class=\"wp-block-image\"><figure class=\"aligncenter size-large\"><img loading=\"lazy\" decoding=\"async\" width=\"780\" height=\"429\" src=\"https:\/\/vegis.ro\/blog\/wp-content\/uploads\/2020\/07\/smoothie-cu-aloe-vera.png\" alt=\"\" class=\"wp-image-20108\" srcset=\"https:\/\/vegis.ro\/blog\/wp-content\/uploads\/2020\/07\/smoothie-cu-aloe-vera.png 780w, https:\/\/vegis.ro\/blog\/wp-content\/uploads\/2020\/07\/smoothie-cu-aloe-vera-300x165.png 300w, https:\/\/vegis.ro\/blog\/wp-content\/uploads\/2020\/07\/smoothie-cu-aloe-vera-768x422.png 768w\" sizes=\"(max-width: 780px) 100vw, 780px\" \/><\/figure><\/div>\n\n\n\n<p><strong>Ingrediente:<\/strong><br>60 ml gel aloe vera;<br>1 banan\u0103;<br>65g c\u0103p\u0219uni bine coapte;<br>32g cuburi de ghea\u021b\u0103;<br>350ml <a rel=\"noreferrer noopener\" href=\"https:\/\/vegis.ro\/alimente-naturale\/biona\/18750-lapte-de-cocos-ecologic-bio-400ml\/\" target=\"_blank\">lapte de cocos<\/a>.<\/p>\n\n\n\n<p><strong>Mod de preparare:<\/strong><\/p>\n\n\n\n<ol class=\"wp-block-list\"><li>Toate ingredientele se adaug\u0103 \u00een blender \u0219i se amestec\u0103 bine timp de 2-3 minute la vitez\u0103 mare.<\/li><li>\u00cen cazul \u00een care compozi\u021bia este prea groas\u0103, se mai poate ad\u0103uga pu\u021bin lapte de cocos.<\/li><li>Compozi\u021bia preparat\u0103 se toarn\u0103 \u00eentr-un pahar de sticl\u0103 \u0219i se consum\u0103 imediat sau poate fi depozitat la frigider pentru maxim 24 de ore. <\/li><\/ol>\n\n\n\n<p class=\"has-medium-font-size\"><strong><em>Scrub pentru combaterea acneei<\/em><\/strong><\/p>\n\n\n\n<p>Amestec\u0103 118ml de ulei de cocos cu 65g de zah\u0103r alb sau brun, dup\u0103 care adaug\u0103 60ml de <a href=\"https:\/\/vegis.ro\/ingrediente-cosmetice\/mayam\/29003-gel-de-aloe-vera-nativ-ecologic-bio-250ml\/\" target=\"_blank\" rel=\"noreferrer noopener\">gel pur de aloe vera<\/a>. Se amestec\u0103 din nou p\u00e2n\u0103 la omogenizarea compozi\u021biei. Remediul preparat se \u021bine la frigider \u00eentr-un recipient din sticl\u0103, \u00eenchis etan\u0219. <\/p>\n\n\n\n<p>Scrubul se folose\u0219te pe pielea umezit\u0103 \u00een prealabil, mas\u00e2nd cu mi\u0219c\u0103ri circulare. C\u00e2nd se aplic\u0103 pe fa\u021b\u0103 trebuie evitat\u0103 zona ochilor. <\/p>\n\n\n\n<p>Gelul se g\u0103se\u0219te ca atare, dar \u0219i \u00eentr-o gam\u0103 larg\u0103 de produse, de la capsule, p\u00e2n\u0103 la tincturi \u0219i cosmetice cu efecte terapeutice. Descoper\u0103 toate produsele pe <a rel=\"noreferrer noopener\" href=\"https:\/\/vegis.ro\/\" target=\"_blank\">vegis.ro<\/a>! <\/p>\n\n\n\n<div class=\"wp-block-image\"><figure class=\"aligncenter size-large\"><a href=\"https:\/\/vegis.ro\/\" target=\"_blank\" rel=\"noopener noreferrer\"><img loading=\"lazy\" decoding=\"async\" width=\"697\" height=\"391\" src=\"https:\/\/vegis.ro\/blog\/wp-content\/uploads\/2020\/07\/produse-cu-aloe-vera.png\" alt=\"\" class=\"wp-image-20111\" srcset=\"https:\/\/vegis.ro\/blog\/wp-content\/uploads\/2020\/07\/produse-cu-aloe-vera.png 697w, https:\/\/vegis.ro\/blog\/wp-content\/uploads\/2020\/07\/produse-cu-aloe-vera-300x168.png 300w\" sizes=\"(max-width: 697px) 100vw, 697px\" \/><\/a><\/figure><\/div>\n\n\n\n<p>Surse:<br>https:\/\/www.medicalnewstoday.com\/articles\/318591#bioactive-compounds<br>https:\/\/www.ncbi.nlm.nih.gov\/pmc\/articles\/PMC2763764\/<br>https:\/\/www.healthline.com\/health\/7-amazing-uses-aloe-vera<br>https:\/\/www.nccih.nih.gov\/health\/aloe-vera<br>https:\/\/pubmed.ncbi.nlm.nih.gov\/23394255\/<br>https:\/\/pubmed.ncbi.nlm.nih.gov\/23195077\/<br>https:\/\/www.medicalnewstoday.com\/articles\/265800#benefits<br>https:\/\/www.hindawi.com\/journals\/ecam\/2013\/376123\/<br>https:\/\/www.wikihow.com\/Eat-Aloe-Vera#Using-the-Plant-in-Recipes<br>https:\/\/www.healthline.com\/health\/aloe-vera-for-acne#uses-for-acne<br>https:\/\/feelgoodfoodie.net\/recipe\/aloe-vera-smoothie\/<\/p>\n","protected":false},"excerpt":{"rendered":"<p>Exist\u0103 peste 300 de specii ale plantei de aloe, \u00eens\u0103 aloe vera, denumit\u0103 botanic Aloe barbadensis miller, este cea mai cunoscut\u0103 \u0219i apreciat\u0103 \u00een \u00eentreaga lume datorit\u0103 propriet\u0103\u021bilor sale terapeutice. Acum 2000 de ani, grecii numeau aceast\u0103 plant\u0103 panaceu, \u00een timp ce pentru egipteni era planta imortalit\u0103\u021bii. De-a lungul timpului, aloe vera a fost folosit\u0103 \u00een scopuri medicinale \u00een mai multe culturi: greac\u0103, egiptean\u0103, indian\u0103, mexican\u0103, japonez\u0103 \u0219i chinez\u0103. \u0218i ast\u0103zi are utiliz\u0103ri multiple at\u00e2t \u00een medicin\u0103, c\u00e2t \u0219i \u00een cosmetic\u0103. CUM ARAT\u0102 \u0218I UNDE SE CULTIV\u0102 Aloe vera cre\u0219te mai ales \u00een regiunile uscate ale Africii, Asiei, Americii \u0219i Europei. Aceast\u0103 plant\u0103 peren\u0103, xerofit\u0103 \u0219i suculent\u0103 are frunze triunghiulare, c\u0103rnoase \u0219i margini zim\u021bate. Florile sunt galbene, iar fructele au numeroase semin\u021be. Fiecare frunz\u0103 este compus\u0103 din trei straturi: la interior se g\u0103se\u0219te un gel [&hellip;]<\/p>\n","protected":false},"author":9,"featured_media":20118,"comment_status":"open","ping_status":"open","sticky":false,"template":"","format":"standard","meta":{"_acf_changed":false,"_eb_attr":"","footnotes":""},"categories":[312],"tags":[44,35],"class_list":["post-1138","post","type-post","status-publish","format-standard","has-post-thumbnail","hentry","category-remedii-si-tratamente-naturiste","tag-aloe-vera","tag-remedii"],"acf":[],"yoast_head":"<!-- This site is optimized with the Yoast SEO plugin v27.5 - https:\/\/yoast.com\/product\/yoast-seo-wordpress\/ -->\n<title>Descoper\u0103 propriet\u0103\u021bile \u0219i beneficiile plantei de aloe vera!<\/title>\n<meta name=\"description\" content=\"Cum folose\u0219ti aloe vera intern \u0219i extern, ce trebuie s\u0103 \u0219tii despre aceast\u0103 plant\u0103 \u0219i unde g\u0103se\u0219ti produse cu extract sub form\u0103 de gel, suc \u0219i comprimate.\" \/>\n<meta name=\"robots\" content=\"index, follow, max-snippet:-1, max-image-preview:large, max-video-preview:-1\" \/>\n<link rel=\"canonical\" href=\"https:\/\/vegis.ro\/blog\/aloe-vera\/\" \/>\n<meta property=\"og:locale\" content=\"en_US\" \/>\n<meta property=\"og:type\" content=\"article\" \/>\n<meta property=\"og:title\" content=\"Descoper\u0103 propriet\u0103\u021bile \u0219i beneficiile plantei de aloe vera!\" \/>\n<meta property=\"og:description\" content=\"Cum folose\u0219ti aloe vera intern \u0219i extern, ce trebuie s\u0103 \u0219tii despre aceast\u0103 plant\u0103 \u0219i unde g\u0103se\u0219ti produse cu extract sub form\u0103 de gel, suc \u0219i comprimate.\" \/>\n<meta property=\"og:url\" content=\"https:\/\/vegis.ro\/blog\/aloe-vera\/\" \/>\n<meta property=\"og:site_name\" content=\"Natura la tine acas\u0103\" \/>\n<meta property=\"article:published_time\" content=\"2013-06-07T07:22:55+00:00\" \/>\n<meta property=\"article:modified_time\" content=\"2020-07-28T07:41:17+00:00\" \/>\n<meta property=\"og:image\" content=\"https:\/\/vegis.ro\/blog\/wp-content\/uploads\/2013\/06\/Aloe-vera-1.png\" \/>\n\t<meta property=\"og:image:width\" content=\"1200\" \/>\n\t<meta property=\"og:image:height\" content=\"628\" \/>\n\t<meta property=\"og:image:type\" content=\"image\/png\" \/>\n<meta name=\"author\" content=\"Alexandra\" \/>\n<meta name=\"twitter:card\" content=\"summary_large_image\" \/>\n<meta name=\"twitter:label1\" content=\"Written by\" \/>\n\t<meta name=\"twitter:data1\" content=\"Alexandra\" \/>\n\t<meta name=\"twitter:label2\" content=\"Est. reading time\" \/>\n\t<meta name=\"twitter:data2\" content=\"8 minutes\" \/>\n<script type=\"application\/ld+json\" class=\"yoast-schema-graph\">{\"@context\":\"https:\\\/\\\/schema.org\",\"@graph\":[{\"@type\":\"Article\",\"@id\":\"https:\\\/\\\/vegis.ro\\\/blog\\\/aloe-vera\\\/#article\",\"isPartOf\":{\"@id\":\"https:\\\/\\\/vegis.ro\\\/blog\\\/aloe-vera\\\/\"},\"author\":{\"name\":\"Alexandra\",\"@id\":\"https:\\\/\\\/vegis.ro\\\/blog\\\/#\\\/schema\\\/person\\\/52077e6ef6946be3dd8864533b94301f\"},\"headline\":\"Descoper\u0103 propriet\u0103\u021bile \u0219i beneficiile plantei de aloe vera!\",\"datePublished\":\"2013-06-07T07:22:55+00:00\",\"dateModified\":\"2020-07-28T07:41:17+00:00\",\"mainEntityOfPage\":{\"@id\":\"https:\\\/\\\/vegis.ro\\\/blog\\\/aloe-vera\\\/\"},\"wordCount\":1607,\"commentCount\":0,\"publisher\":{\"@id\":\"https:\\\/\\\/vegis.ro\\\/blog\\\/#organization\"},\"image\":{\"@id\":\"https:\\\/\\\/vegis.ro\\\/blog\\\/aloe-vera\\\/#primaryimage\"},\"thumbnailUrl\":\"https:\\\/\\\/vegis.ro\\\/blog\\\/wp-content\\\/uploads\\\/2013\\\/06\\\/Aloe-vera-1.png\",\"keywords\":[\"aloe vera\",\"remedii\"],\"articleSection\":[\"Remedii si tratamente naturiste\"],\"inLanguage\":\"en-US\",\"potentialAction\":[{\"@type\":\"CommentAction\",\"name\":\"Comment\",\"target\":[\"https:\\\/\\\/vegis.ro\\\/blog\\\/aloe-vera\\\/#respond\"]}]},{\"@type\":\"WebPage\",\"@id\":\"https:\\\/\\\/vegis.ro\\\/blog\\\/aloe-vera\\\/\",\"url\":\"https:\\\/\\\/vegis.ro\\\/blog\\\/aloe-vera\\\/\",\"name\":\"Descoper\u0103 propriet\u0103\u021bile \u0219i beneficiile plantei de aloe vera!\",\"isPartOf\":{\"@id\":\"https:\\\/\\\/vegis.ro\\\/blog\\\/#website\"},\"primaryImageOfPage\":{\"@id\":\"https:\\\/\\\/vegis.ro\\\/blog\\\/aloe-vera\\\/#primaryimage\"},\"image\":{\"@id\":\"https:\\\/\\\/vegis.ro\\\/blog\\\/aloe-vera\\\/#primaryimage\"},\"thumbnailUrl\":\"https:\\\/\\\/vegis.ro\\\/blog\\\/wp-content\\\/uploads\\\/2013\\\/06\\\/Aloe-vera-1.png\",\"datePublished\":\"2013-06-07T07:22:55+00:00\",\"dateModified\":\"2020-07-28T07:41:17+00:00\",\"description\":\"Cum folose\u0219ti aloe vera intern \u0219i extern, ce trebuie s\u0103 \u0219tii despre aceast\u0103 plant\u0103 \u0219i unde g\u0103se\u0219ti produse cu extract sub form\u0103 de gel, suc \u0219i comprimate.\",\"breadcrumb\":{\"@id\":\"https:\\\/\\\/vegis.ro\\\/blog\\\/aloe-vera\\\/#breadcrumb\"},\"inLanguage\":\"en-US\",\"potentialAction\":[{\"@type\":\"ReadAction\",\"target\":[\"https:\\\/\\\/vegis.ro\\\/blog\\\/aloe-vera\\\/\"]}]},{\"@type\":\"ImageObject\",\"inLanguage\":\"en-US\",\"@id\":\"https:\\\/\\\/vegis.ro\\\/blog\\\/aloe-vera\\\/#primaryimage\",\"url\":\"https:\\\/\\\/vegis.ro\\\/blog\\\/wp-content\\\/uploads\\\/2013\\\/06\\\/Aloe-vera-1.png\",\"contentUrl\":\"https:\\\/\\\/vegis.ro\\\/blog\\\/wp-content\\\/uploads\\\/2013\\\/06\\\/Aloe-vera-1.png\",\"width\":1200,\"height\":628,\"caption\":\"Aloe vera\"},{\"@type\":\"BreadcrumbList\",\"@id\":\"https:\\\/\\\/vegis.ro\\\/blog\\\/aloe-vera\\\/#breadcrumb\",\"itemListElement\":[{\"@type\":\"ListItem\",\"position\":1,\"name\":\"Vegis.ro\",\"item\":\"https:\\\/\\\/vegis.ro\\\/blog\\\/\"},{\"@type\":\"ListItem\",\"position\":2,\"name\":\"Descoper\u0103 propriet\u0103\u021bile \u0219i beneficiile plantei de aloe vera!\"}]},{\"@type\":\"WebSite\",\"@id\":\"https:\\\/\\\/vegis.ro\\\/blog\\\/#website\",\"url\":\"https:\\\/\\\/vegis.ro\\\/blog\\\/\",\"name\":\"Natura la tine acas\u0103\",\"description\":\"Blogul Vegis.ro\",\"publisher\":{\"@id\":\"https:\\\/\\\/vegis.ro\\\/blog\\\/#organization\"},\"potentialAction\":[{\"@type\":\"SearchAction\",\"target\":{\"@type\":\"EntryPoint\",\"urlTemplate\":\"https:\\\/\\\/vegis.ro\\\/blog\\\/?s={search_term_string}\"},\"query-input\":{\"@type\":\"PropertyValueSpecification\",\"valueRequired\":true,\"valueName\":\"search_term_string\"}}],\"inLanguage\":\"en-US\"},{\"@type\":\"Organization\",\"@id\":\"https:\\\/\\\/vegis.ro\\\/blog\\\/#organization\",\"name\":\"Natura la tine acas\u0103\",\"url\":\"https:\\\/\\\/vegis.ro\\\/blog\\\/\",\"logo\":{\"@type\":\"ImageObject\",\"inLanguage\":\"en-US\",\"@id\":\"https:\\\/\\\/vegis.ro\\\/blog\\\/#\\\/schema\\\/logo\\\/image\\\/\",\"url\":\"https:\\\/\\\/vegis.ro\\\/blog\\\/wp-content\\\/uploads\\\/2018\\\/01\\\/logo-vegis.png\",\"contentUrl\":\"https:\\\/\\\/vegis.ro\\\/blog\\\/wp-content\\\/uploads\\\/2018\\\/01\\\/logo-vegis.png\",\"width\":254,\"height\":85,\"caption\":\"Natura la tine acas\u0103\"},\"image\":{\"@id\":\"https:\\\/\\\/vegis.ro\\\/blog\\\/#\\\/schema\\\/logo\\\/image\\\/\"}},{\"@type\":\"Person\",\"@id\":\"https:\\\/\\\/vegis.ro\\\/blog\\\/#\\\/schema\\\/person\\\/52077e6ef6946be3dd8864533b94301f\",\"name\":\"Alexandra\",\"image\":{\"@type\":\"ImageObject\",\"inLanguage\":\"en-US\",\"@id\":\"https:\\\/\\\/secure.gravatar.com\\\/avatar\\\/c02ca594fbbed5d720b786544a07658b107612943de4f36dbb9d56214b5c0290?s=96&d=identicon&r=g\",\"url\":\"https:\\\/\\\/secure.gravatar.com\\\/avatar\\\/c02ca594fbbed5d720b786544a07658b107612943de4f36dbb9d56214b5c0290?s=96&d=identicon&r=g\",\"contentUrl\":\"https:\\\/\\\/secure.gravatar.com\\\/avatar\\\/c02ca594fbbed5d720b786544a07658b107612943de4f36dbb9d56214b5c0290?s=96&d=identicon&r=g\",\"caption\":\"Alexandra\"},\"description\":\"Iubitor al cuvintelor scrise pe care le a\u0219tern online de c\u00e2\u021biva ani \u0219i le citesc \u00eenc\u0103 din copil\u0103rie. Explorator al naturii, pasionat de mi\u0219care, cadrele foto perfecte \u0219i romanele poli\u021biste.\",\"url\":\"https:\\\/\\\/vegis.ro\\\/blog\\\/author\\\/alexandra\\\/\"}]}<\/script>\n<!-- \/ Yoast SEO plugin. -->","yoast_head_json":{"title":"Descoper\u0103 propriet\u0103\u021bile \u0219i beneficiile plantei de aloe vera!","description":"Cum folose\u0219ti aloe vera intern \u0219i extern, ce trebuie s\u0103 \u0219tii despre aceast\u0103 plant\u0103 \u0219i unde g\u0103se\u0219ti produse cu extract sub form\u0103 de gel, suc \u0219i comprimate.","robots":{"index":"index","follow":"follow","max-snippet":"max-snippet:-1","max-image-preview":"max-image-preview:large","max-video-preview":"max-video-preview:-1"},"canonical":"https:\/\/vegis.ro\/blog\/aloe-vera\/","og_locale":"en_US","og_type":"article","og_title":"Descoper\u0103 propriet\u0103\u021bile \u0219i beneficiile plantei de aloe vera!","og_description":"Cum folose\u0219ti aloe vera intern \u0219i extern, ce trebuie s\u0103 \u0219tii despre aceast\u0103 plant\u0103 \u0219i unde g\u0103se\u0219ti produse cu extract sub form\u0103 de gel, suc \u0219i comprimate.","og_url":"https:\/\/vegis.ro\/blog\/aloe-vera\/","og_site_name":"Natura la tine acas\u0103","article_published_time":"2013-06-07T07:22:55+00:00","article_modified_time":"2020-07-28T07:41:17+00:00","og_image":[{"width":1200,"height":628,"url":"https:\/\/vegis.ro\/blog\/wp-content\/uploads\/2013\/06\/Aloe-vera-1.png","type":"image\/png"}],"author":"Alexandra","twitter_card":"summary_large_image","twitter_misc":{"Written by":"Alexandra","Est. reading time":"8 minutes"},"schema":{"@context":"https:\/\/schema.org","@graph":[{"@type":"Article","@id":"https:\/\/vegis.ro\/blog\/aloe-vera\/#article","isPartOf":{"@id":"https:\/\/vegis.ro\/blog\/aloe-vera\/"},"author":{"name":"Alexandra","@id":"https:\/\/vegis.ro\/blog\/#\/schema\/person\/52077e6ef6946be3dd8864533b94301f"},"headline":"Descoper\u0103 propriet\u0103\u021bile \u0219i beneficiile plantei de aloe vera!","datePublished":"2013-06-07T07:22:55+00:00","dateModified":"2020-07-28T07:41:17+00:00","mainEntityOfPage":{"@id":"https:\/\/vegis.ro\/blog\/aloe-vera\/"},"wordCount":1607,"commentCount":0,"publisher":{"@id":"https:\/\/vegis.ro\/blog\/#organization"},"image":{"@id":"https:\/\/vegis.ro\/blog\/aloe-vera\/#primaryimage"},"thumbnailUrl":"https:\/\/vegis.ro\/blog\/wp-content\/uploads\/2013\/06\/Aloe-vera-1.png","keywords":["aloe vera","remedii"],"articleSection":["Remedii si tratamente naturiste"],"inLanguage":"en-US","potentialAction":[{"@type":"CommentAction","name":"Comment","target":["https:\/\/vegis.ro\/blog\/aloe-vera\/#respond"]}]},{"@type":"WebPage","@id":"https:\/\/vegis.ro\/blog\/aloe-vera\/","url":"https:\/\/vegis.ro\/blog\/aloe-vera\/","name":"Descoper\u0103 propriet\u0103\u021bile \u0219i beneficiile plantei de aloe vera!","isPartOf":{"@id":"https:\/\/vegis.ro\/blog\/#website"},"primaryImageOfPage":{"@id":"https:\/\/vegis.ro\/blog\/aloe-vera\/#primaryimage"},"image":{"@id":"https:\/\/vegis.ro\/blog\/aloe-vera\/#primaryimage"},"thumbnailUrl":"https:\/\/vegis.ro\/blog\/wp-content\/uploads\/2013\/06\/Aloe-vera-1.png","datePublished":"2013-06-07T07:22:55+00:00","dateModified":"2020-07-28T07:41:17+00:00","description":"Cum folose\u0219ti aloe vera intern \u0219i extern, ce trebuie s\u0103 \u0219tii despre aceast\u0103 plant\u0103 \u0219i unde g\u0103se\u0219ti produse cu extract sub form\u0103 de gel, suc \u0219i comprimate.","breadcrumb":{"@id":"https:\/\/vegis.ro\/blog\/aloe-vera\/#breadcrumb"},"inLanguage":"en-US","potentialAction":[{"@type":"ReadAction","target":["https:\/\/vegis.ro\/blog\/aloe-vera\/"]}]},{"@type":"ImageObject","inLanguage":"en-US","@id":"https:\/\/vegis.ro\/blog\/aloe-vera\/#primaryimage","url":"https:\/\/vegis.ro\/blog\/wp-content\/uploads\/2013\/06\/Aloe-vera-1.png","contentUrl":"https:\/\/vegis.ro\/blog\/wp-content\/uploads\/2013\/06\/Aloe-vera-1.png","width":1200,"height":628,"caption":"Aloe vera"},{"@type":"BreadcrumbList","@id":"https:\/\/vegis.ro\/blog\/aloe-vera\/#breadcrumb","itemListElement":[{"@type":"ListItem","position":1,"name":"Vegis.ro","item":"https:\/\/vegis.ro\/blog\/"},{"@type":"ListItem","position":2,"name":"Descoper\u0103 propriet\u0103\u021bile \u0219i beneficiile plantei de aloe vera!"}]},{"@type":"WebSite","@id":"https:\/\/vegis.ro\/blog\/#website","url":"https:\/\/vegis.ro\/blog\/","name":"Natura la tine acas\u0103","description":"Blogul Vegis.ro","publisher":{"@id":"https:\/\/vegis.ro\/blog\/#organization"},"potentialAction":[{"@type":"SearchAction","target":{"@type":"EntryPoint","urlTemplate":"https:\/\/vegis.ro\/blog\/?s={search_term_string}"},"query-input":{"@type":"PropertyValueSpecification","valueRequired":true,"valueName":"search_term_string"}}],"inLanguage":"en-US"},{"@type":"Organization","@id":"https:\/\/vegis.ro\/blog\/#organization","name":"Natura la tine acas\u0103","url":"https:\/\/vegis.ro\/blog\/","logo":{"@type":"ImageObject","inLanguage":"en-US","@id":"https:\/\/vegis.ro\/blog\/#\/schema\/logo\/image\/","url":"https:\/\/vegis.ro\/blog\/wp-content\/uploads\/2018\/01\/logo-vegis.png","contentUrl":"https:\/\/vegis.ro\/blog\/wp-content\/uploads\/2018\/01\/logo-vegis.png","width":254,"height":85,"caption":"Natura la tine acas\u0103"},"image":{"@id":"https:\/\/vegis.ro\/blog\/#\/schema\/logo\/image\/"}},{"@type":"Person","@id":"https:\/\/vegis.ro\/blog\/#\/schema\/person\/52077e6ef6946be3dd8864533b94301f","name":"Alexandra","image":{"@type":"ImageObject","inLanguage":"en-US","@id":"https:\/\/secure.gravatar.com\/avatar\/c02ca594fbbed5d720b786544a07658b107612943de4f36dbb9d56214b5c0290?s=96&d=identicon&r=g","url":"https:\/\/secure.gravatar.com\/avatar\/c02ca594fbbed5d720b786544a07658b107612943de4f36dbb9d56214b5c0290?s=96&d=identicon&r=g","contentUrl":"https:\/\/secure.gravatar.com\/avatar\/c02ca594fbbed5d720b786544a07658b107612943de4f36dbb9d56214b5c0290?s=96&d=identicon&r=g","caption":"Alexandra"},"description":"Iubitor al cuvintelor scrise pe care le a\u0219tern online de c\u00e2\u021biva ani \u0219i le citesc \u00eenc\u0103 din copil\u0103rie. Explorator al naturii, pasionat de mi\u0219care, cadrele foto perfecte \u0219i romanele poli\u021biste.","url":"https:\/\/vegis.ro\/blog\/author\/alexandra\/"}]}},"_links":{"self":[{"href":"https:\/\/vegis.ro\/blog\/wp-json\/wp\/v2\/posts\/1138","targetHints":{"allow":["GET"]}}],"collection":[{"href":"https:\/\/vegis.ro\/blog\/wp-json\/wp\/v2\/posts"}],"about":[{"href":"https:\/\/vegis.ro\/blog\/wp-json\/wp\/v2\/types\/post"}],"author":[{"embeddable":true,"href":"https:\/\/vegis.ro\/blog\/wp-json\/wp\/v2\/users\/9"}],"replies":[{"embeddable":true,"href":"https:\/\/vegis.ro\/blog\/wp-json\/wp\/v2\/comments?post=1138"}],"version-history":[{"count":0,"href":"https:\/\/vegis.ro\/blog\/wp-json\/wp\/v2\/posts\/1138\/revisions"}],"wp:featuredmedia":[{"embeddable":true,"href":"https:\/\/vegis.ro\/blog\/wp-json\/wp\/v2\/media\/20118"}],"wp:attachment":[{"href":"https:\/\/vegis.ro\/blog\/wp-json\/wp\/v2\/media?parent=1138"}],"wp:term":[{"taxonomy":"category","embeddable":true,"href":"https:\/\/vegis.ro\/blog\/wp-json\/wp\/v2\/categories?post=1138"},{"taxonomy":"post_tag","embeddable":true,"href":"https:\/\/vegis.ro\/blog\/wp-json\/wp\/v2\/tags?post=1138"}],"curies":[{"name":"wp","href":"https:\/\/api.w.org\/{rel}","templated":true}]}}